{"id":10070,"date":"2025-05-16T19:54:50","date_gmt":"2025-05-16T17:54:50","guid":{"rendered":"http:\/\/www.semlh-morbihan.fr\/wordpress\/?p=10070"},"modified":"2025-05-16T20:28:18","modified_gmt":"2025-05-16T18:28:18","slug":"conference-de-m-pierre-mahe-sur-le-theme-de-gaulle-et-la-bretagne-le-12-mai-a-la-maison-des-associations-de-vannes","status":"publish","type":"post","link":"http:\/\/www.semlh-morbihan.fr\/wordpress\/2025\/05\/16\/conference-de-m-pierre-mahe-sur-le-theme-de-gaulle-et-la-bretagne-le-12-mai-a-la-maison-des-associations-de-vannes\/","title":{"rendered":"Conf\u00e9rence de M. Pierre Mah\u00e9 sur le th\u00e8me \u00ab\u00a0De Gaulle et la Bretagne \u00a0\u00bb le 12 mai \u00e0 la maison des associations de Vannes"},"content":{"rendered":"<p><img loading=\"lazy\" decoding=\"async\" class=\"aligncenter size-full wp-image-10078\" src=\"http:\/\/www.semlh-morbihan.fr\/wordpress\/wp-content\/uploads\/2025\/05\/de_Gaulle.jpg\" alt=\"\" width=\"483\" height=\"319\" \/><\/p>\n<p class=\"moz-quote-pre\" style=\"text-align: justify;\">Anne Marie DURO, pr\u00e9sidente du comit\u00e9 de Vannes a organis\u00e9 le 12 mai\u00e0 la Maison des associations de Vannes, une conf\u00e9rence tenue par M. P. Mah\u00e9, ancien r\u00e9dacteur en chef de Paris Match et conseiller \u00e0 la culture \u00e0 Vannes, sur le th\u00e8me \u00ab\u00a0De Gaulle et la Bretagne\u00a0\u00bb. De nombreux soci\u00e9taires du comit\u00e9 et d&rsquo;associations amies \u00e9taient pr\u00e9sents. La conf\u00e9rence a r\u00e9pondu aux attentes , comme l&rsquo;a soulign\u00e9 Mme Bakhtous, adjointe au maire.<\/p>\n<p class=\"moz-quote-pre\" style=\"text-align: justify;\">Le document de M. Mah\u00e9 a obtenu un franc succ\u00e8s.<\/p>\n<p style=\"text-align: justify;\">Roland Mergel<\/p>\n<p style=\"text-align: justify;\">secr\u00e9taire du comit\u00e9 du pays de Vannes<\/p>\n<figure id=\"attachment_10079\" aria-describedby=\"caption-attachment-10079\" style=\"width: 600px\" class=\"wp-caption aligncenter\"><img loading=\"lazy\" decoding=\"async\" class=\"size-medium wp-image-10079\" src=\"http:\/\/www.semlh-morbihan.fr\/wordpress\/wp-content\/uploads\/2025\/05\/pierre-mahe-600x449.jpg\" alt=\"\" width=\"600\" height=\"449\" srcset=\"http:\/\/www.semlh-morbihan.fr\/wordpress\/wp-content\/uploads\/2025\/05\/pierre-mahe-600x449.jpg 600w, http:\/\/www.semlh-morbihan.fr\/wordpress\/wp-content\/uploads\/2025\/05\/pierre-mahe-480x360.jpg 480w, http:\/\/www.semlh-morbihan.fr\/wordpress\/wp-content\/uploads\/2025\/05\/pierre-mahe.jpg 755w\" sizes=\"auto, (max-width: 600px) 100vw, 600px\" \/><figcaption id=\"caption-attachment-10079\" class=\"wp-caption-text\">\u00a0 \u00a0 \u00a0 \u00a0 \u00a0 \u00a0 \u00a0 \u00a0 \u00a0 \u00a0 \u00a0 \u00a0 \u00a0 \u00a0 \u00a0 \u00a0 \u00a0 \u00a0 \u00a0 \u00a0 \u00a0 \u00a0 \u00a0 \u00a0 \u00a0 \u00a0 \u00a0 \u00a0 \u00a0 \u00a0 \u00a0 \u00a0Pierre Mah\u00e9 lors de la pr\u00e9sentation de son livre<\/figcaption><\/figure>\n<p>&nbsp;<\/p>\n<p><img loading=\"lazy\" decoding=\"async\" class=\"aligncenter size-medium wp-image-10073\" src=\"http:\/\/www.semlh-morbihan.fr\/wordpress\/wp-content\/uploads\/2025\/05\/a7-600x338.jpg\" alt=\"\" width=\"600\" height=\"338\" srcset=\"http:\/\/www.semlh-morbihan.fr\/wordpress\/wp-content\/uploads\/2025\/05\/a7-600x338.jpg 600w, http:\/\/www.semlh-morbihan.fr\/wordpress\/wp-content\/uploads\/2025\/05\/a7-768x432.jpg 768w, http:\/\/www.semlh-morbihan.fr\/wordpress\/wp-content\/uploads\/2025\/05\/a7.jpg 1024w\" sizes=\"auto, (max-width: 600px) 100vw, 600px\" \/> <img loading=\"lazy\" decoding=\"async\" class=\"aligncenter size-medium wp-image-10074\" src=\"http:\/\/www.semlh-morbihan.fr\/wordpress\/wp-content\/uploads\/2025\/05\/a2-1-600x435.jpg\" alt=\"\" width=\"600\" height=\"435\" srcset=\"http:\/\/www.semlh-morbihan.fr\/wordpress\/wp-content\/uploads\/2025\/05\/a2-1-600x435.jpg 600w, http:\/\/www.semlh-morbihan.fr\/wordpress\/wp-content\/uploads\/2025\/05\/a2-1-768x557.jpg 768w, http:\/\/www.semlh-morbihan.fr\/wordpress\/wp-content\/uploads\/2025\/05\/a2-1.jpg 1024w\" sizes=\"auto, (max-width: 600px) 100vw, 600px\" \/> <img loading=\"lazy\" decoding=\"async\" class=\"aligncenter size-medium wp-image-10075\" src=\"http:\/\/www.semlh-morbihan.fr\/wordpress\/wp-content\/uploads\/2025\/05\/a3-600x338.jpg\" alt=\"\" width=\"600\" height=\"338\" srcset=\"http:\/\/www.semlh-morbihan.fr\/wordpress\/wp-content\/uploads\/2025\/05\/a3-600x338.jpg 600w, http:\/\/www.semlh-morbihan.fr\/wordpress\/wp-content\/uploads\/2025\/05\/a3-768x432.jpg 768w, http:\/\/www.semlh-morbihan.fr\/wordpress\/wp-content\/uploads\/2025\/05\/a3.jpg 1024w\" sizes=\"auto, (max-width: 600px) 100vw, 600px\" \/><\/p>\n<p>&nbsp;<\/p>\n<p class=\"moz-quote-pre\" style=\"text-align: center;\">\n<span style=\"text-decoration: underline;\"><strong>Article de Ouest-France<\/strong><\/span><\/p>\n<p style=\"text-align: justify;\">Patrick Mah\u00e9 a v\u00e9cu une riche carri\u00e8re dans le monde de la presse. Reporter \u00e0\u00a0<em>France Soir<\/em>\u00a0et au\u00a0<em>Figaro<\/em>, a dirig\u00e9\u00a0<em>T\u00e9l\u00e9 7\u00a0jours<\/em>\u00a0de 1996 \u00e0 2006. Il a \u00e9t\u00e9 \u00e9galement r\u00e9dacteur en chef de\u00a0<em>Paris Match<\/em>\u00a0de 1980 \u00e0 1996. Il est, par ailleurs, l\u2019auteur de 70\u00a0ouvrages dont une vingtaine sur la Bretagne et les pays celtes. Mais c\u2019est son r\u00e9cent ouvrage sur Charles de Gaulle qui devrait int\u00e9resser le public de l\u2019Espace Ouest-France.<\/p>\n<p style=\"text-align: justify;\">Mardi soir, \u00e0 19\u00a0h, il viendra pr\u00e9senter\u00a0<em>De Gaulle et la Bretagne<\/em>, son ouvrage paru aux \u00e9ditions Ouest-France, en partenariat avec la librairie Le Failler. Un beau livre qui rassemble les meilleures photos parues \u00e0 l\u2019\u00e9poque dans\u00a0<em>Paris Match<\/em>.<strong>\u00a0\u00ab\u00a0Le g\u00e9n\u00e9ral avait beaucoup d\u2019attaches en Bretagne,<\/strong>\u00a0rappelle Patrick Mah\u00e9.\u00a0<strong>Il est venu six fois \u00e0 Vannes et \u00e0 Quimper.\u00a0\u00bb<\/strong><\/p>\n","protected":false},"excerpt":{"rendered":"<p>Anne Marie DURO, pr\u00e9sidente du comit\u00e9 de Vannes a organis\u00e9 le 12 mai\u00e0 la Maison des associations de Vannes, une conf\u00e9rence tenue par M. P&#8230;.<\/p>\n","protected":false},"author":329,"featured_media":10071,"comment_status":"closed","ping_status":"open","sticky":false,"template":"","format":"standard","meta":{"footnotes":""},"categories":[350],"tags":[623],"class_list":["post-10070","post","type-post","status-publish","format-standard","has-post-thumbnail","hentry","category-actualites-comite-du-pays-de-vannes","tag-comite-du-pays-de-vannes","wpcat-350-id"],"_links":{"self":[{"href":"http:\/\/www.semlh-morbihan.fr\/wordpress\/wp-json\/wp\/v2\/posts\/10070","targetHints":{"allow":["GET"]}}],"collection":[{"href":"http:\/\/www.semlh-morbihan.fr\/wordpress\/wp-json\/wp\/v2\/posts"}],"about":[{"href":"http:\/\/www.semlh-morbihan.fr\/wordpress\/wp-json\/wp\/v2\/types\/post"}],"author":[{"embeddable":true,"href":"http:\/\/www.semlh-morbihan.fr\/wordpress\/wp-json\/wp\/v2\/users\/329"}],"replies":[{"embeddable":true,"href":"http:\/\/www.semlh-morbihan.fr\/wordpress\/wp-json\/wp\/v2\/comments?post=10070"}],"version-history":[{"count":4,"href":"http:\/\/www.semlh-morbihan.fr\/wordpress\/wp-json\/wp\/v2\/posts\/10070\/revisions"}],"predecessor-version":[{"id":10080,"href":"http:\/\/www.semlh-morbihan.fr\/wordpress\/wp-json\/wp\/v2\/posts\/10070\/revisions\/10080"}],"wp:featuredmedia":[{"embeddable":true,"href":"http:\/\/www.semlh-morbihan.fr\/wordpress\/wp-json\/wp\/v2\/media\/10071"}],"wp:attachment":[{"href":"http:\/\/www.semlh-morbihan.fr\/wordpress\/wp-json\/wp\/v2\/media?parent=10070"}],"wp:term":[{"taxonomy":"category","embeddable":true,"href":"http:\/\/www.semlh-morbihan.fr\/wordpress\/wp-json\/wp\/v2\/categories?post=10070"},{"taxonomy":"post_tag","embeddable":true,"href":"http:\/\/www.semlh-morbihan.fr\/wordpress\/wp-json\/wp\/v2\/tags?post=10070"}],"curies":[{"name":"wp","href":"https:\/\/api.w.org\/{rel}","templated":true}]}}