{"id":10087,"date":"2025-05-29T19:43:16","date_gmt":"2025-05-29T17:43:16","guid":{"rendered":"http:\/\/www.semlh-morbihan.fr\/wordpress\/?p=10087"},"modified":"2025-05-29T19:59:39","modified_gmt":"2025-05-29T17:59:39","slug":"hommage-aux-martyrs-de-la-resistance-a-port-louis-le-27-mai-2025","status":"publish","type":"post","link":"http:\/\/www.semlh-morbihan.fr\/wordpress\/2025\/05\/29\/hommage-aux-martyrs-de-la-resistance-a-port-louis-le-27-mai-2025\/","title":{"rendered":"Hommage aux martyrs de la r\u00e9sistance \u00e0 Port-Louis le 27 mai 2025"},"content":{"rendered":"<h1>80e anniversaire de la d\u00e9couverte du charnier des 69 martyrs de Port-Louis<\/h1>\n<figure id=\"attachment_10090\" aria-describedby=\"caption-attachment-10090\" style=\"width: 600px\" class=\"wp-caption aligncenter\"><img loading=\"lazy\" decoding=\"async\" class=\"size-medium wp-image-10090\" src=\"http:\/\/www.semlh-morbihan.fr\/wordpress\/wp-content\/uploads\/2025\/05\/DSC_4738-600x400.jpg\" alt=\"\" width=\"600\" height=\"400\" srcset=\"http:\/\/www.semlh-morbihan.fr\/wordpress\/wp-content\/uploads\/2025\/05\/DSC_4738-600x400.jpg 600w, http:\/\/www.semlh-morbihan.fr\/wordpress\/wp-content\/uploads\/2025\/05\/DSC_4738-1024x683.jpg 1024w, http:\/\/www.semlh-morbihan.fr\/wordpress\/wp-content\/uploads\/2025\/05\/DSC_4738-768x512.jpg 768w, http:\/\/www.semlh-morbihan.fr\/wordpress\/wp-content\/uploads\/2025\/05\/DSC_4738-1536x1024.jpg 1536w, http:\/\/www.semlh-morbihan.fr\/wordpress\/wp-content\/uploads\/2025\/05\/DSC_4738-2048x1365.jpg 2048w, http:\/\/www.semlh-morbihan.fr\/wordpress\/wp-content\/uploads\/2025\/05\/DSC_4738-1218x812.jpg 1218w\" sizes=\"auto, (max-width: 600px) 100vw, 600px\" \/><figcaption id=\"caption-attachment-10090\" class=\"wp-caption-text\">la chorale des jeunes ont interpr\u00e9t\u00e9 le \u00ab\u00a0chant des partisans\u00a0\u00bb<\/figcaption><\/figure>\n<p>&nbsp;<\/p>\n<figure id=\"attachment_10088\" aria-describedby=\"caption-attachment-10088\" style=\"width: 600px\" class=\"wp-caption aligncenter\"><img loading=\"lazy\" decoding=\"async\" class=\"size-medium wp-image-10088\" src=\"http:\/\/www.semlh-morbihan.fr\/wordpress\/wp-content\/uploads\/2025\/05\/DSC_6408-600x400.jpg\" alt=\"\" width=\"600\" height=\"400\" srcset=\"http:\/\/www.semlh-morbihan.fr\/wordpress\/wp-content\/uploads\/2025\/05\/DSC_6408-600x400.jpg 600w, http:\/\/www.semlh-morbihan.fr\/wordpress\/wp-content\/uploads\/2025\/05\/DSC_6408-1024x683.jpg 1024w, http:\/\/www.semlh-morbihan.fr\/wordpress\/wp-content\/uploads\/2025\/05\/DSC_6408-768x512.jpg 768w, http:\/\/www.semlh-morbihan.fr\/wordpress\/wp-content\/uploads\/2025\/05\/DSC_6408-1536x1024.jpg 1536w, http:\/\/www.semlh-morbihan.fr\/wordpress\/wp-content\/uploads\/2025\/05\/DSC_6408-2048x1365.jpg 2048w, http:\/\/www.semlh-morbihan.fr\/wordpress\/wp-content\/uploads\/2025\/05\/DSC_6408-1218x812.jpg 1218w\" sizes=\"auto, (max-width: 600px) 100vw, 600px\" \/><figcaption id=\"caption-attachment-10088\" class=\"wp-caption-text\">Les descendants des martyrs \u00e0 Port-Louis le 27 mai<\/figcaption><\/figure>\n<figure id=\"attachment_10089\" aria-describedby=\"caption-attachment-10089\" style=\"width: 600px\" class=\"wp-caption aligncenter\"><img loading=\"lazy\" decoding=\"async\" class=\"size-medium wp-image-10089\" src=\"http:\/\/www.semlh-morbihan.fr\/wordpress\/wp-content\/uploads\/2025\/05\/DSC_4838-600x400.jpg\" alt=\"\" width=\"600\" height=\"400\" srcset=\"http:\/\/www.semlh-morbihan.fr\/wordpress\/wp-content\/uploads\/2025\/05\/DSC_4838-600x400.jpg 600w, http:\/\/www.semlh-morbihan.fr\/wordpress\/wp-content\/uploads\/2025\/05\/DSC_4838-1024x682.jpg 1024w, http:\/\/www.semlh-morbihan.fr\/wordpress\/wp-content\/uploads\/2025\/05\/DSC_4838-768x511.jpg 768w, http:\/\/www.semlh-morbihan.fr\/wordpress\/wp-content\/uploads\/2025\/05\/DSC_4838-1536x1023.jpg 1536w, http:\/\/www.semlh-morbihan.fr\/wordpress\/wp-content\/uploads\/2025\/05\/DSC_4838-2048x1364.jpg 2048w, http:\/\/www.semlh-morbihan.fr\/wordpress\/wp-content\/uploads\/2025\/05\/DSC_4838-1218x811.jpg 1218w\" sizes=\"auto, (max-width: 600px) 100vw, 600px\" \/><figcaption id=\"caption-attachment-10089\" class=\"wp-caption-text\">\u00a0 \u00a0 \u00a0 \u00a0 \u00a0 \u00a0 \u00a0 \u00a0 \u00a0 \u00a0 \u00a0 \u00a0 \u00a0 \u00a0 \u00a0 \u00a0 \u00a0 L&rsquo;hommage des autorit\u00e9s aux h\u00e9ros de la R\u00e9sistance<\/figcaption><\/figure>\n<p style=\"text-align: center;\"><strong>Article de Ouest-Franc<\/strong>e du 25\/05\/2025<\/p>\n<p>Vendredi 23\u00a0mai 2025, s\u2019est d\u00e9roul\u00e9e la 80e c\u00e9r\u00e9monie de la comm\u00e9moration de la d\u00e9couverte du charnier des 69\u00a0martyrs de Port-Louis (Morbihan). Plus de 600\u00a0personnes \u00e9taient pr\u00e9sentes, les autorit\u00e9s civiles et militaires, les enfants des \u00e9coles,\u00a0etc.<\/p>\n<p><img loading=\"lazy\" decoding=\"async\" class=\"aligncenter size-full wp-image-10094\" src=\"http:\/\/www.semlh-morbihan.fr\/wordpress\/wp-content\/uploads\/2025\/05\/Capture.jpg\" alt=\"\" width=\"479\" height=\"290\" \/><\/p>\n<p>C\u2019est une c\u00e9r\u00e9monie qui a r\u00e9uni plus de monde que les ann\u00e9es pass\u00e9es. Les enfants des \u00e9coles de\u00a0<a href=\"https:\/\/www.ouest-france.fr\/bretagne\/port-louis-56290\/\">Port-Louis<\/a>\u00a0(<a href=\"https:\/\/www.ouest-france.fr\/bretagne\/morbihan\/\">Morbihan<\/a>), de l\u2019\u00e9cole Chandernagor, du coll\u00e8ge Saint-Pierre et du lyc\u00e9e professionnel Julien-Crozet, ainsi que deux enfants de la famille d\u2019un de ces r\u00e9sistants, portaient les portraits. \u00c0 l\u2019appel du nom de chacun des r\u00e9sistants, ils se sont, tour \u00e0 tour, plac\u00e9s autour du m\u00e9morial. La chorale Entre Rade et Ria a chant\u00e9 et une cornemuse a guid\u00e9 le cort\u00e8ge.<\/p>\n<div id=\"bloc_3quarts_1__parentOf__placeholder_apres_1_paying_desktop\" class=\"_b su-visible-lg su-visible-xl\"><\/div>\n<h2 id=\"section-3-lhistoire\">L\u2019histoire<\/h2>\n<p>Le 27\u00a0avril 1944, le g\u00e9n\u00e9ral Fahrmbacher, qui commandait le XXV<sup>e<\/sup>\u00a0corps d\u2019arm\u00e9e en Bretagne, donna l\u2019ordre d\u2019installer des centres de rassemblement dans les citadelles de Port-Louis et de Brest ainsi qu\u2019au Fort de Penthi\u00e8vre. De mai\u00a01944 \u00e0 1945, de nombreux r\u00e9sistants d\u00e9tenus dans les prisons du Morbihan et de Quimperl\u00e9 ont \u00e9t\u00e9 transf\u00e9r\u00e9s dans la Citadelle de Port-Louis, qui servait alors de prison allemande o\u00f9 \u00e9taient d\u00e9tenus les soldats de la Wehrmacht frapp\u00e9s de sanctions disciplinaires. Les r\u00e9sistants transf\u00e9r\u00e9s y furent interrog\u00e9s, tortur\u00e9s et fusill\u00e9s. Le stand de tir fut d\u00e9lib\u00e9r\u00e9ment dynamit\u00e9 par les Allemands pour faire croire \u00e0 une destruction caus\u00e9e par une bombe lanc\u00e9e par l\u2019aviation alli\u00e9e. Ce sont deux soldats tch\u00e8que et polonais, incorpor\u00e9s de force dans des unit\u00e9s disciplinaires de la Wehrmacht, qui r\u00e9v\u00e9l\u00e8rent la situation.<\/p>\n<div id=\"bloc_3quarts_1__parentOf__placeholder_apres_2_paying_desktop\" class=\"_b su-visible-lg su-visible-xl\"><\/div>\n<p><q>\u00a0Au cours des jours qui ont suivi, soixante-neuf corps furent exhum\u00e9s par des prisonniers de guerre allemands\u00a0\u00bb,<\/q>\u00a0a racont\u00e9 Daniel Le Pendeven, pr\u00e9sident de l\u2019<a href=\"https:\/\/www.anacr.com\/\">Anacr (Association des anciens combattants et amis de la R\u00e9sistance<\/a>) du pays de Lorient, pr\u00e9cisant qu\u2019ils furent d\u00e9pos\u00e9s dans un garage de Port-Louis appartenant \u00e0 Jacques Lenormand, lui-m\u00eame fusill\u00e9 le 13\u00a0juillet 1944 au fort de Penthi\u00e8vre, avant leur inhumation d\u00e9finitive.<\/p>\n<div id=\"bloc_3quarts_1__parentOf__placeholder_apres_3_paying\" class=\"_b su-margin-bottom-m\" data-trk=\"[{&amp;quot;n&amp;quot;:&amp;quot;lien-inread-coeur-article&amp;quot;,&amp;quot;o&amp;quot;:&amp;quot;lien-inread-coeur-article&amp;quot;,&amp;quot;v&amp;quot;:&amp;quot;6.0.0&amp;quot;}]\">\n<div class=\"in-read-article\">\n<div class=\"head\"><img loading=\"lazy\" decoding=\"async\" class=\"aligncenter size-full wp-image-10095\" src=\"http:\/\/www.semlh-morbihan.fr\/wordpress\/wp-content\/uploads\/2025\/05\/Capture-1.jpg\" alt=\"\" width=\"482\" height=\"345\" srcset=\"http:\/\/www.semlh-morbihan.fr\/wordpress\/wp-content\/uploads\/2025\/05\/Capture-1.jpg 482w, http:\/\/www.semlh-morbihan.fr\/wordpress\/wp-content\/uploads\/2025\/05\/Capture-1-480x345.jpg 480w\" sizes=\"auto, (max-width: 482px) 100vw, 482px\" \/><\/div>\n<div>\n<p>C\u2019est une c\u00e9r\u00e9monie qui a r\u00e9uni plus de monde que les ann\u00e9es pass\u00e9es. Les enfants des \u00e9coles de\u00a0<a href=\"https:\/\/www.ouest-france.fr\/bretagne\/port-louis-56290\/\">Port-Louis<\/a>\u00a0(<a href=\"https:\/\/www.ouest-france.fr\/bretagne\/morbihan\/\">Morbihan<\/a>), de l\u2019\u00e9cole Chandernagor, du coll\u00e8ge Saint-Pierre et du lyc\u00e9e professionnel Julien-Crozet, ainsi que deux enfants de la famille d\u2019un de ces r\u00e9sistants, portaient les portraits. \u00c0 l\u2019appel du nom de chacun des r\u00e9sistants, ils se sont, tour \u00e0 tour, plac\u00e9s autour du m\u00e9morial. La chorale Entre Rade et Ria a chant\u00e9 et une cornemuse a guid\u00e9 le cort\u00e8ge.<\/p>\n<div id=\"bloc_3quarts_1__parentOf__placeholder_apres_1_paying_desktop\" class=\"_b su-visible-lg su-visible-xl\"><\/div>\n<h2 id=\"section-3-lhistoire\">L\u2019histoire<\/h2>\n<p>Le 27\u00a0avril 1944, le g\u00e9n\u00e9ral Fahrmbacher, qui commandait le XXV<sup>e<\/sup>\u00a0corps d\u2019arm\u00e9e en Bretagne, donna l\u2019ordre d\u2019installer des centres de rassemblement dans les citadelles de Port-Louis et de Brest ainsi qu\u2019au Fort de Penthi\u00e8vre. De mai\u00a01944 \u00e0 1945, de nombreux r\u00e9sistants d\u00e9tenus dans les prisons du Morbihan et de Quimperl\u00e9 ont \u00e9t\u00e9 transf\u00e9r\u00e9s dans la Citadelle de Port-Louis, qui servait alors de prison allemande o\u00f9 \u00e9taient d\u00e9tenus les soldats de la Wehrmacht frapp\u00e9s de sanctions disciplinaires. Les r\u00e9sistants transf\u00e9r\u00e9s y furent interrog\u00e9s, tortur\u00e9s et fusill\u00e9s. Le stand de tir fut d\u00e9lib\u00e9r\u00e9ment dynamit\u00e9 par les Allemands pour faire croire \u00e0 une destruction caus\u00e9e par une bombe lanc\u00e9e par l\u2019aviation alli\u00e9e. Ce sont deux soldats tch\u00e8que et polonais, incorpor\u00e9s de force dans des unit\u00e9s disciplinaires de la Wehrmacht, qui r\u00e9v\u00e9l\u00e8rent la situation.<\/p>\n<div id=\"bloc_3quarts_1__parentOf__placeholder_apres_2_paying_desktop\" class=\"_b su-visible-lg su-visible-xl\"><\/div>\n<p><q>\u00a0Au cours des jours qui ont suivi, soixante-neuf corps furent exhum\u00e9s par des prisonniers de guerre allemands\u00a0\u00bb,<\/q>\u00a0a racont\u00e9 Daniel Le Pendeven, pr\u00e9sident de l\u2019<a href=\"https:\/\/www.anacr.com\/\">Anacr (Association des anciens combattants et amis de la R\u00e9sistance<\/a>) du pays de Lorient, pr\u00e9cisant qu\u2019ils furent d\u00e9pos\u00e9s dans un garage de Port-Louis appartenant \u00e0 Jacques Lenormand, lui-m\u00eame fusill\u00e9 le 13\u00a0juillet 1944 au fort de Penthi\u00e8vre, avant leur inhumation d\u00e9finitive.<\/p>\n<div id=\"bloc_3quarts_1__parentOf__placeholder_apres_3_paying\" class=\"_b su-margin-bottom-m\" data-trk=\"[{&amp;quot;n&amp;quot;:&amp;quot;lien-inread-coeur-article&amp;quot;,&amp;quot;o&amp;quot;:&amp;quot;lien-inread-coeur-article&amp;quot;,&amp;quot;v&amp;quot;:&amp;quot;6.0.0&amp;quot;}]\">\n<div class=\"in-read-article\">\n<div class=\"head\"><\/div>\n<div class=\"text\"><img loading=\"lazy\" decoding=\"async\" class=\"aligncenter size-full wp-image-10097\" src=\"http:\/\/www.semlh-morbihan.fr\/wordpress\/wp-content\/uploads\/2025\/05\/Capture-3.jpg\" alt=\"\" width=\"483\" height=\"353\" \/><\/div>\n<\/div>\n<\/div>\n<div id=\"bloc_3quarts_1__parentOf__placeholder_apres_3_paying_desktop\" class=\"_b su-visible-lg su-visible-xl\"><\/div>\n<div class=\"image-container\">\n<div class=\"image-article \">\n<figure>\n<div class=\"su-ratio-16-9 \"><\/div><figcaption><\/figcaption><\/figure>\n<\/div>\n<\/div>\n<h2 id=\"section-7-q-leur-engagement-nous-impose-le-respect-q\"><q>\u00a0Leur engagement nous impose le respect\u00a0<\/q><\/h2>\n<p><q>\u00a0Ils \u00e9taient menuisier, gendarme, professeur, \u00e9tudiants\u2026 Certains avaient \u00e0 peine 18\u00a0ans. \u00c0 l\u2019instar des fusill\u00e9s du Fort de Penthi\u00e8vre, \u00e0 l\u2019instar du destin tragique de Lisette Moru \u2013 arr\u00eat\u00e9e et d\u00e9port\u00e9e par les Allemands \u00e0 16\u00a0ans parce qu\u2019elle avait fleuri une tombe d\u2019aviateurs anglais et \u00e9tabli une liste de personnes compromises avec l\u2019occupant \u2013 leur histoire nous met en pr\u00e9sence de la r\u00e9alit\u00e9 des combats qu\u2019ont men\u00e9s ces jeunes femmes et hommes pour notre libert\u00e9. Leur engagement, leur passion, leur volont\u00e9 de libert\u00e9, leur courage, leur souffrance nous imposent le respect, par leur exemplarit\u00e9, et nous obligent, pour transmettre leur h\u00e9ritage\u00a0\u00bb,<\/q>\u00a0a rappel\u00e9\u00a0Florence Bessy, sous-pr\u00e9f\u00e8te de Lorient.<\/p>\n<div id=\"bloc_3quarts_1__parentOf__placeholder_apres_4_paying_desktop\" class=\"_b su-visible-lg su-visible-xl\"><\/div>\n<p><strong>\u00ab\u00a0Tout ceci, c\u2019est la m\u00e9moire de Port-Louis, c\u2019est notre h\u00e9ritage. C\u2019est aussi l\u2019Histoire, notre histoire, dont il faut tirer les le\u00e7ons pour le pr\u00e9sent et pour l\u2019avenir\u00a0\u00bb<\/strong>\u00a0a soulign\u00e9 Daniel Martin, maire de Port-Louis.<strong>\u00a0Aujourd\u2019hui, nous c\u00e9l\u00e9brons ceux qui ont fait le don de leur vie en se levant face \u00e0 l\u2019oppresseur, avec courage et abn\u00e9gation\u00a0\u00bb.<\/strong>\u00a0Un premier \u00e9dile invitant \u00e0 poursuivre la cha\u00eene de la m\u00e9moire, \u00e0 \u00e9difier une soci\u00e9t\u00e9 et un monde de justice, de paix et de solidarit\u00e9.<\/p>\n<div id=\"bloc_3quarts_1__parentOf__placeholder_apres_5_paying_desktop\" class=\"_b su-visible-lg su-visible-xl\"><\/div>\n<h2 id=\"section-10-des-documents-sur-andre-rouille-resistant-retrouves-par-la-famille\">Des documents sur Andr\u00e9 Rouill\u00e9, r\u00e9sistant, retrouv\u00e9s par la famille<\/h2>\n<p>Venus de Lanester et de Lorient, Lilou et Georges, tous deux en CM2, ont pour grand-oncle et arri\u00e8re-grand-oncle, Andr\u00e9 Rouill\u00e9, r\u00e9sistant fusill\u00e9 \u00e0 l\u2019\u00e2ge de 22\u00a0ans, \u00e0 la Citadelle de Port-Louis. Eux aussi ont particip\u00e9 \u00e0 la c\u00e9r\u00e9monie avec les enfants des \u00e9coles. Une famille qui a appr\u00e9ci\u00e9, avec \u00e9motion, cette\u00a0<q>\u00a0tr\u00e8s belle c\u00e9r\u00e9monie\u00a0<\/q>\u00a0pour laquelle il \u00e9tait important pour eux d\u2019\u00eatre pr\u00e9sents.<\/p>\n<\/div>\n<p><img loading=\"lazy\" decoding=\"async\" class=\"aligncenter size-full wp-image-10096\" src=\"http:\/\/www.semlh-morbihan.fr\/wordpress\/wp-content\/uploads\/2025\/05\/Capture-2.jpg\" alt=\"\" width=\"480\" height=\"585\" \/><\/p>\n<\/div>\n<\/div>\n","protected":false},"excerpt":{"rendered":"<p>80e anniversaire de la d\u00e9couverte du charnier des 69 martyrs de Port-Louis &nbsp; Article de Ouest-France du 25\/05\/2025 Vendredi 23\u00a0mai 2025, s\u2019est d\u00e9roul\u00e9e la 80e&#8230;<\/p>\n","protected":false},"author":329,"featured_media":10088,"comment_status":"closed","ping_status":"open","sticky":false,"template":"","format":"standard","meta":{"footnotes":""},"categories":[417,337],"tags":[607],"class_list":["post-10087","post","type-post","status-publish","format-standard","has-post-thumbnail","hentry","category-ceremonies-patriotiques","category-la-section","tag-section-smlh-du-morbihan","wpcat-417-id","wpcat-337-id"],"_links":{"self":[{"href":"http:\/\/www.semlh-morbihan.fr\/wordpress\/wp-json\/wp\/v2\/posts\/10087","targetHints":{"allow":["GET"]}}],"collection":[{"href":"http:\/\/www.semlh-morbihan.fr\/wordpress\/wp-json\/wp\/v2\/posts"}],"about":[{"href":"http:\/\/www.semlh-morbihan.fr\/wordpress\/wp-json\/wp\/v2\/types\/post"}],"author":[{"embeddable":true,"href":"http:\/\/www.semlh-morbihan.fr\/wordpress\/wp-json\/wp\/v2\/users\/329"}],"replies":[{"embeddable":true,"href":"http:\/\/www.semlh-morbihan.fr\/wordpress\/wp-json\/wp\/v2\/comments?post=10087"}],"version-history":[{"count":4,"href":"http:\/\/www.semlh-morbihan.fr\/wordpress\/wp-json\/wp\/v2\/posts\/10087\/revisions"}],"predecessor-version":[{"id":10098,"href":"http:\/\/www.semlh-morbihan.fr\/wordpress\/wp-json\/wp\/v2\/posts\/10087\/revisions\/10098"}],"wp:featuredmedia":[{"embeddable":true,"href":"http:\/\/www.semlh-morbihan.fr\/wordpress\/wp-json\/wp\/v2\/media\/10088"}],"wp:attachment":[{"href":"http:\/\/www.semlh-morbihan.fr\/wordpress\/wp-json\/wp\/v2\/media?parent=10087"}],"wp:term":[{"taxonomy":"category","embeddable":true,"href":"http:\/\/www.semlh-morbihan.fr\/wordpress\/wp-json\/wp\/v2\/categories?post=10087"},{"taxonomy":"post_tag","embeddable":true,"href":"http:\/\/www.semlh-morbihan.fr\/wordpress\/wp-json\/wp\/v2\/tags?post=10087"}],"curies":[{"name":"wp","href":"https:\/\/api.w.org\/{rel}","templated":true}]}}