{"id":10111,"date":"2025-06-25T18:02:26","date_gmt":"2025-06-25T16:02:26","guid":{"rendered":"http:\/\/www.semlh-morbihan.fr\/wordpress\/?p=10111"},"modified":"2025-06-25T18:43:26","modified_gmt":"2025-06-25T16:43:26","slug":"ceremonie-du-20-juin-2025-lors-de-la-signature-de-la-smlh-au-college-de-trefaven","status":"publish","type":"post","link":"http:\/\/www.semlh-morbihan.fr\/wordpress\/2025\/06\/25\/ceremonie-du-20-juin-2025-lors-de-la-signature-de-la-smlh-au-college-de-trefaven\/","title":{"rendered":"C\u00e9r\u00e9monie du 20 juin 2025 lors de la signature de la convention entre la SMLH et le  coll\u00e8ge de Tr\u00e9faven"},"content":{"rendered":"<p><img loading=\"lazy\" decoding=\"async\" class=\"aligncenter size-medium wp-image-10137\" src=\"http:\/\/www.semlh-morbihan.fr\/wordpress\/wp-content\/uploads\/2025\/06\/preambule_convention-600x179.jpg\" alt=\"\" width=\"600\" height=\"179\" srcset=\"http:\/\/www.semlh-morbihan.fr\/wordpress\/wp-content\/uploads\/2025\/06\/preambule_convention-600x179.jpg 600w, http:\/\/www.semlh-morbihan.fr\/wordpress\/wp-content\/uploads\/2025\/06\/preambule_convention.jpg 647w\" sizes=\"auto, (max-width: 600px) 100vw, 600px\" \/><\/p>\n<p><img loading=\"lazy\" decoding=\"async\" class=\"aligncenter size-medium wp-image-10114\" src=\"http:\/\/www.semlh-morbihan.fr\/wordpress\/wp-content\/uploads\/2025\/06\/ceremonie-de-fin-dannee-cadets-540x600.jpg\" alt=\"\" width=\"540\" height=\"600\" srcset=\"http:\/\/www.semlh-morbihan.fr\/wordpress\/wp-content\/uploads\/2025\/06\/ceremonie-de-fin-dannee-cadets-540x600.jpg 540w, http:\/\/www.semlh-morbihan.fr\/wordpress\/wp-content\/uploads\/2025\/06\/ceremonie-de-fin-dannee-cadets-768x853.jpg 768w, http:\/\/www.semlh-morbihan.fr\/wordpress\/wp-content\/uploads\/2025\/06\/ceremonie-de-fin-dannee-cadets.jpg 774w\" sizes=\"auto, (max-width: 540px) 100vw, 540px\" \/><\/p>\n<p style=\"text-align: center;\"><div id=\"metaslider-id-10125\" style=\"width: 100%;\" class=\"ml-slider-3-108-0 metaslider metaslider-flex metaslider-10125 ml-slider has-dots-nav ms-theme-default-base\" role=\"region\" aria-label=\"C\u00e9r\u00e9monie de fin d&#039;ann\u00e9e au coll\u00e8ge Tr\u00e9faven par la signature de la convention SMLH le 20 juin 2025\" data-height=\"300\" data-width=\"700\">\n    <div id=\"metaslider_container_10125\">\n        <div id=\"metaslider_10125\">\n            <ul class='slides'>\n                <li style=\"display: block; width: 100%;\" class=\"slide-10126 ms-image \" aria-roledescription=\"slide\" data-date=\"2025-06-25 18:11:35\" data-filename=\"IMG_5408-700x300.jpg\" data-slide-type=\"image\"><img loading=\"lazy\" decoding=\"async\" src=\"http:\/\/www.semlh-morbihan.fr\/wordpress\/wp-content\/uploads\/2025\/06\/IMG_5408-700x300.jpg\" height=\"300\" width=\"700\" alt=\"\" class=\"slider-10125 slide-10126 msDefaultImage\" title=\"IMG_5408\" \/><\/li>\n                <li style=\"display: none; width: 100%;\" class=\"slide-10127 ms-image \" aria-roledescription=\"slide\" data-date=\"2025-06-25 18:11:36\" data-filename=\"Florence-Bessis-sous-prefete-de-Lorient-700x300.jpg\" data-slide-type=\"image\"><img loading=\"lazy\" decoding=\"async\" src=\"http:\/\/www.semlh-morbihan.fr\/wordpress\/wp-content\/uploads\/2025\/06\/Florence-Bessis-sous-prefete-de-Lorient-700x300.jpg\" height=\"300\" width=\"700\" alt=\"\" class=\"slider-10125 slide-10127 msDefaultImage\" title=\"Florence Bessis sous-pr\u00e9f\u00e8te de Lorient\" \/><\/li>\n                <li style=\"display: none; width: 100%;\" class=\"slide-10128 ms-image \" aria-roledescription=\"slide\" data-date=\"2025-06-25 18:11:36\" data-filename=\"Christophe-Meynier-principal-du-college-Trefaven-700x300.jpg\" data-slide-type=\"image\"><img loading=\"lazy\" decoding=\"async\" src=\"http:\/\/www.semlh-morbihan.fr\/wordpress\/wp-content\/uploads\/2025\/06\/Christophe-Meynier-principal-du-college-Trefaven-700x300.jpg\" height=\"300\" width=\"700\" alt=\"\" class=\"slider-10125 slide-10128 msDefaultImage\" title=\"Christophe Meynier principal du coll\u00e8ge Tr\u00e9faven\" \/><\/li>\n                <li style=\"display: none; width: 100%;\" class=\"slide-10129 ms-image \" aria-roledescription=\"slide\" data-date=\"2025-06-25 18:11:36\" data-filename=\"Stephane-Caron-DASEN-du-Morbihan-700x300.jpg\" data-slide-type=\"image\"><img loading=\"lazy\" decoding=\"async\" src=\"http:\/\/www.semlh-morbihan.fr\/wordpress\/wp-content\/uploads\/2025\/06\/Stephane-Caron-DASEN-du-Morbihan-700x300.jpg\" height=\"300\" width=\"700\" alt=\"\" class=\"slider-10125 slide-10129 msDefaultImage\" title=\"St\u00e9phane Caron DASEN du Morbihan\" \/><\/li>\n                <li style=\"display: none; width: 100%;\" class=\"slide-10130 ms-image \" aria-roledescription=\"slide\" data-date=\"2025-06-25 18:11:37\" data-filename=\"Signature-convention-SMLH-700x300.jpg\" data-slide-type=\"image\"><img loading=\"lazy\" decoding=\"async\" src=\"http:\/\/www.semlh-morbihan.fr\/wordpress\/wp-content\/uploads\/2025\/06\/Signature-convention-SMLH-700x300.jpg\" height=\"300\" width=\"700\" alt=\"\" class=\"slider-10125 slide-10130 msDefaultImage\" title=\"Signature convention SMLH\" \/><\/li>\n                <li style=\"display: none; width: 100%;\" class=\"slide-10131 ms-image \" aria-roledescription=\"slide\" data-date=\"2025-06-25 18:11:37\" data-filename=\"IMG_5414-1-700x300.jpg\" data-slide-type=\"image\"><img loading=\"lazy\" decoding=\"async\" src=\"http:\/\/www.semlh-morbihan.fr\/wordpress\/wp-content\/uploads\/2025\/06\/IMG_5414-1-700x300.jpg\" height=\"300\" width=\"700\" alt=\"\" class=\"slider-10125 slide-10131 msDefaultImage\" title=\"IMG_5414\" \/><\/li>\n                <li style=\"display: none; width: 100%;\" class=\"slide-10132 ms-image \" aria-roledescription=\"slide\" data-date=\"2025-06-25 18:11:37\" data-filename=\"IMG_5411-700x300.jpg\" data-slide-type=\"image\"><img loading=\"lazy\" decoding=\"async\" src=\"http:\/\/www.semlh-morbihan.fr\/wordpress\/wp-content\/uploads\/2025\/06\/IMG_5411-700x300.jpg\" height=\"300\" width=\"700\" alt=\"\" class=\"slider-10125 slide-10132 msDefaultImage\" title=\"IMG_5411\" \/><\/li>\n                <li style=\"display: none; width: 100%;\" class=\"slide-10133 ms-image \" aria-roledescription=\"slide\" data-date=\"2025-06-25 18:11:38\" data-filename=\"IMG_5410-700x300.jpg\" data-slide-type=\"image\"><img loading=\"lazy\" decoding=\"async\" src=\"http:\/\/www.semlh-morbihan.fr\/wordpress\/wp-content\/uploads\/2025\/06\/IMG_5410-700x300.jpg\" height=\"300\" width=\"700\" alt=\"\" class=\"slider-10125 slide-10133 msDefaultImage\" title=\"IMG_5410\" \/><\/li>\n                <li style=\"display: none; width: 100%;\" class=\"slide-10134 ms-image \" aria-roledescription=\"slide\" data-date=\"2025-06-25 18:11:38\" data-filename=\"IMG_5414-700x300.jpg\" data-slide-type=\"image\"><img loading=\"lazy\" decoding=\"async\" src=\"http:\/\/www.semlh-morbihan.fr\/wordpress\/wp-content\/uploads\/2025\/06\/IMG_5414-700x300.jpg\" height=\"300\" width=\"700\" alt=\"\" class=\"slider-10125 slide-10134 msDefaultImage\" title=\"IMG_5414\" \/><\/li>\n            <\/ul>\n        <\/div>\n        \n    <\/div>\n<\/div><\/p>\n<p>&nbsp;<\/p>\n<p style=\"text-align: center;\"><a href=\"http:\/\/www.semlh-morbihan.fr\/wordpress\/wp-content\/uploads\/2025\/06\/CONVENTION-DE-PARTENARIAT-SMLH-TREFAVEN.pdf\">Convention de patenariat entre la SMLH repr\u00e9sent\u00e9 par le comit\u00e9 du pays de Lorient et le coll\u00e8ge de Tr\u00e9faven repr\u00e9sent\u00e9 par le chef d&rsquo;\u00e9tablissement<\/a><\/p>\n<p>&nbsp;<\/p>\n<p style=\"text-align: center;\"><span style=\"text-decoration: underline;\"><strong>article de Ouest-France de Lorient du 25 juin 2025<\/strong><\/span><\/p>\n<p><img loading=\"lazy\" decoding=\"async\" class=\"aligncenter size-medium wp-image-10139\" src=\"http:\/\/www.semlh-morbihan.fr\/wordpress\/wp-content\/uploads\/2025\/06\/article-of-cadet-01-600x552.jpg\" alt=\"\" width=\"600\" height=\"552\" srcset=\"http:\/\/www.semlh-morbihan.fr\/wordpress\/wp-content\/uploads\/2025\/06\/article-of-cadet-01-600x552.jpg 600w, http:\/\/www.semlh-morbihan.fr\/wordpress\/wp-content\/uploads\/2025\/06\/article-of-cadet-01.jpg 747w\" sizes=\"auto, (max-width: 600px) 100vw, 600px\" \/><\/p>\n<p><img loading=\"lazy\" decoding=\"async\" class=\"aligncenter size-medium wp-image-10140\" src=\"http:\/\/www.semlh-morbihan.fr\/wordpress\/wp-content\/uploads\/2025\/06\/articleOF-cadets-02-600x355.jpg\" alt=\"\" width=\"600\" height=\"355\" srcset=\"http:\/\/www.semlh-morbihan.fr\/wordpress\/wp-content\/uploads\/2025\/06\/articleOF-cadets-02-600x355.jpg 600w, http:\/\/www.semlh-morbihan.fr\/wordpress\/wp-content\/uploads\/2025\/06\/articleOF-cadets-02-768x454.jpg 768w, http:\/\/www.semlh-morbihan.fr\/wordpress\/wp-content\/uploads\/2025\/06\/articleOF-cadets-02.jpg 1019w\" sizes=\"auto, (max-width: 600px) 100vw, 600px\" \/><\/p>\n","protected":false},"excerpt":{"rendered":"<p>&nbsp; Convention de patenariat entre la SMLH repr\u00e9sent\u00e9 par le comit\u00e9 du pays de Lorient et le coll\u00e8ge de Tr\u00e9faven repr\u00e9sent\u00e9 par le chef d&rsquo;\u00e9tablissement&#8230;<\/p>\n","protected":false},"author":329,"featured_media":10112,"comment_status":"closed","ping_status":"open","sticky":false,"template":"","format":"standard","meta":{"footnotes":""},"categories":[355,496,343],"tags":[605],"class_list":["post-10111","post","type-post","status-publish","format-standard","has-post-thumbnail","hentry","category-actualites-comite-de-lorient","category-ceremonies-comite-de-lorient","category-comite-de-lorient","tag-comite-smlh-du-pays-de-lorient","wpcat-355-id","wpcat-496-id","wpcat-343-id"],"_links":{"self":[{"href":"http:\/\/www.semlh-morbihan.fr\/wordpress\/wp-json\/wp\/v2\/posts\/10111","targetHints":{"allow":["GET"]}}],"collection":[{"href":"http:\/\/www.semlh-morbihan.fr\/wordpress\/wp-json\/wp\/v2\/posts"}],"about":[{"href":"http:\/\/www.semlh-morbihan.fr\/wordpress\/wp-json\/wp\/v2\/types\/post"}],"author":[{"embeddable":true,"href":"http:\/\/www.semlh-morbihan.fr\/wordpress\/wp-json\/wp\/v2\/users\/329"}],"replies":[{"embeddable":true,"href":"http:\/\/www.semlh-morbihan.fr\/wordpress\/wp-json\/wp\/v2\/comments?post=10111"}],"version-history":[{"count":7,"href":"http:\/\/www.semlh-morbihan.fr\/wordpress\/wp-json\/wp\/v2\/posts\/10111\/revisions"}],"predecessor-version":[{"id":10142,"href":"http:\/\/www.semlh-morbihan.fr\/wordpress\/wp-json\/wp\/v2\/posts\/10111\/revisions\/10142"}],"wp:featuredmedia":[{"embeddable":true,"href":"http:\/\/www.semlh-morbihan.fr\/wordpress\/wp-json\/wp\/v2\/media\/10112"}],"wp:attachment":[{"href":"http:\/\/www.semlh-morbihan.fr\/wordpress\/wp-json\/wp\/v2\/media?parent=10111"}],"wp:term":[{"taxonomy":"category","embeddable":true,"href":"http:\/\/www.semlh-morbihan.fr\/wordpress\/wp-json\/wp\/v2\/categories?post=10111"},{"taxonomy":"post_tag","embeddable":true,"href":"http:\/\/www.semlh-morbihan.fr\/wordpress\/wp-json\/wp\/v2\/tags?post=10111"}],"curies":[{"name":"wp","href":"https:\/\/api.w.org\/{rel}","templated":true}]}}