{"id":10224,"date":"2025-07-10T16:49:28","date_gmt":"2025-07-10T14:49:28","guid":{"rendered":"http:\/\/www.semlh-morbihan.fr\/wordpress\/?p=10224"},"modified":"2025-07-10T16:51:43","modified_gmt":"2025-07-10T14:51:43","slug":"ceremonie-daccueil-a-la-nationalite-francaise-le-jeudi-3-juillet-a-la-sous-prefecture-de-lorient","status":"publish","type":"post","link":"http:\/\/www.semlh-morbihan.fr\/wordpress\/2025\/07\/10\/ceremonie-daccueil-a-la-nationalite-francaise-le-jeudi-3-juillet-a-la-sous-prefecture-de-lorient\/","title":{"rendered":"C\u00e9r\u00e9monie d&rsquo;accueil \u00e0 la nationalit\u00e9 fran\u00e7aise le jeudi 3 juillet \u00e0 la sous-pr\u00e9fecture de Lorient"},"content":{"rendered":"<figure id=\"attachment_10226\" aria-describedby=\"caption-attachment-10226\" style=\"width: 504px\" class=\"wp-caption aligncenter\"><img loading=\"lazy\" decoding=\"async\" class=\"size-full wp-image-10226\" src=\"http:\/\/www.semlh-morbihan.fr\/wordpress\/wp-content\/uploads\/2025\/07\/ceremonie-daccueil-a-la-nationalite-francaise-a-Lroient.png\" alt=\"\" width=\"504\" height=\"283\" \/><figcaption id=\"caption-attachment-10226\" class=\"wp-caption-text\">C\u00e9r\u00e9monie d&rsquo;accueil \u00e0 la nationalit\u00e9 fran\u00e7aise \u00e0 la sous-pr\u00e9fecture de Lorient<\/figcaption><\/figure>\n<h1>\u00c0 Lorient, 32 personnes de 18 pays obtiennent la nationalit\u00e9 fran\u00e7aise<\/h1>\n<p>&nbsp;<\/p>\n<p>La premi\u00e8re c\u00e9r\u00e9monie d\u2019accueil \u00e0 la citoyennet\u00e9 fran\u00e7aise de l\u2019ann\u00e9e de la ville de Lorient s\u2019est tenue le jeudi 3 juillet 2025, dans les locaux r\u00e9nov\u00e9s de la sous-pr\u00e9fecture.<\/p>\n<p style=\"text-align: justify;\">Lors de la c\u00e9r\u00e9monie officielle d\u2019accueil dans la citoyennet\u00e9 fran\u00e7aise de l\u2019ann\u00e9e 2025\u00a0organis\u00e9e en sous-pr\u00e9fecture de\u00a0Lorient\u00a0(<a href=\"https:\/\/actu.fr\/morbihan\/\">Morbihan<\/a>), 32 habitants de la commune ont f\u00eat\u00e9 leur naturalisation, accueillis par la sous-pr\u00e9f\u00e8te\u00a0<strong>Florence Bessy<\/strong>. Le\u00a0maire de Lorient\u00a0<strong>Fabrice Loher<\/strong>,\u00a0<strong>Damien Gira<\/strong>rd, le d\u00e9put\u00e9 de la 5e circonscription du Morbihan et\u00a0<strong>Alain Houlou<\/strong>, pr\u00e9sident de l\u2019association des membres de la L\u00e9gion d\u2019honneur du\u00a0Pays de Lorient\u00a0\u00e9taient pr\u00e9sents.<\/p>\n<p>&nbsp;<\/p>\n<h2>Dix-neuf femmes et 13 hommes<\/h2>\n<p style=\"text-align: justify;\">Parmi les\u00a018 nationalit\u00e9s repr\u00e9sent\u00e9es,\u00a0cinq personnes venaient d\u2019Albanie, deux d\u2019Alg\u00e9rie, une d\u2019Angola, une d\u2019Argentine, une d\u2019Arm\u00e9nie, une de Bulgarie, une de Colombie, deux des Comores, deux d\u2019Ha\u00efti, une d\u2019Irak, une d\u2019Isra\u00ebl, une de Madagascar, quatre du Maroc, une de R\u00e9publique centrafricaine, une de R\u00e9publique du Congo, deux de Roumanie, un de Russie, un de Tunisie, un de Turquie et deux du V\u00e9n\u00e9zuela.<\/p>\n<p>Dix-neuf femmes et 13 hommes deviennent citoyens fran\u00e7ais, dont\u00a025 par d\u00e9cret\u00a0et\u00a0sept par d\u00e9claration.<\/p>\n<p style=\"text-align: justify;\">Il est possible d\u2019acqu\u00e9rir la\u00a0nationalit\u00e9 fran\u00e7aise\u00a0par d\u00e9claration dans le cas d\u2019un mariage ou par un ascendant, ou encore, \u00e0 partir de la publication du d\u00e9cret au\u00a0Journal officiel\u00a0en cas d\u2019obtention par naturalisation.<\/p>\n<p>Au total, en 2025,\u00a025\u2009549\u00a0personnes\u00a0ont obtenu la nationalit\u00e9 fran\u00e7aise.<\/p>\n<p>&nbsp;<\/p>\n<p>&nbsp;<\/p>\n<p>&nbsp;<\/p>\n<p>&nbsp;<\/p>\n","protected":false},"excerpt":{"rendered":"<p>\u00c0 Lorient, 32 personnes de 18 pays obtiennent la nationalit\u00e9 fran\u00e7aise &nbsp; La premi\u00e8re c\u00e9r\u00e9monie d\u2019accueil \u00e0 la citoyennet\u00e9 fran\u00e7aise de l\u2019ann\u00e9e de la ville&#8230;<\/p>\n","protected":false},"author":329,"featured_media":10226,"comment_status":"closed","ping_status":"open","sticky":false,"template":"","format":"standard","meta":{"footnotes":""},"categories":[355,343,1],"tags":[613],"class_list":["post-10224","post","type-post","status-publish","format-standard","has-post-thumbnail","hentry","category-actualites-comite-de-lorient","category-comite-de-lorient","category-non-classe","tag-devenir-francais","wpcat-355-id","wpcat-343-id","wpcat-1-id"],"_links":{"self":[{"href":"http:\/\/www.semlh-morbihan.fr\/wordpress\/wp-json\/wp\/v2\/posts\/10224","targetHints":{"allow":["GET"]}}],"collection":[{"href":"http:\/\/www.semlh-morbihan.fr\/wordpress\/wp-json\/wp\/v2\/posts"}],"about":[{"href":"http:\/\/www.semlh-morbihan.fr\/wordpress\/wp-json\/wp\/v2\/types\/post"}],"author":[{"embeddable":true,"href":"http:\/\/www.semlh-morbihan.fr\/wordpress\/wp-json\/wp\/v2\/users\/329"}],"replies":[{"embeddable":true,"href":"http:\/\/www.semlh-morbihan.fr\/wordpress\/wp-json\/wp\/v2\/comments?post=10224"}],"version-history":[{"count":3,"href":"http:\/\/www.semlh-morbihan.fr\/wordpress\/wp-json\/wp\/v2\/posts\/10224\/revisions"}],"predecessor-version":[{"id":10228,"href":"http:\/\/www.semlh-morbihan.fr\/wordpress\/wp-json\/wp\/v2\/posts\/10224\/revisions\/10228"}],"wp:featuredmedia":[{"embeddable":true,"href":"http:\/\/www.semlh-morbihan.fr\/wordpress\/wp-json\/wp\/v2\/media\/10226"}],"wp:attachment":[{"href":"http:\/\/www.semlh-morbihan.fr\/wordpress\/wp-json\/wp\/v2\/media?parent=10224"}],"wp:term":[{"taxonomy":"category","embeddable":true,"href":"http:\/\/www.semlh-morbihan.fr\/wordpress\/wp-json\/wp\/v2\/categories?post=10224"},{"taxonomy":"post_tag","embeddable":true,"href":"http:\/\/www.semlh-morbihan.fr\/wordpress\/wp-json\/wp\/v2\/tags?post=10224"}],"curies":[{"name":"wp","href":"https:\/\/api.w.org\/{rel}","templated":true}]}}