{"id":10243,"date":"2025-09-19T18:50:47","date_gmt":"2025-09-19T16:50:47","guid":{"rendered":"http:\/\/www.semlh-morbihan.fr\/wordpress\/?p=10243"},"modified":"2025-09-28T18:52:50","modified_gmt":"2025-09-28T16:52:50","slug":"celebration-des-obseques-de-monsieur-pascal-lecomte-le-17-septembre-a-la-chapelle-saint-yves-a-vannes","status":"publish","type":"post","link":"http:\/\/www.semlh-morbihan.fr\/wordpress\/2025\/09\/19\/celebration-des-obseques-de-monsieur-pascal-lecomte-le-17-septembre-a-la-chapelle-saint-yves-a-vannes\/","title":{"rendered":"C\u00e9l\u00e9bration des obs\u00e8ques de Monsieur Pascal Lecomte le 17 septembre \u00e0 la chapelle Saint Yves \u00e0 Vannes"},"content":{"rendered":"<p>&nbsp;<\/p>\n<figure id=\"attachment_10250\" aria-describedby=\"caption-attachment-10250\" style=\"width: 600px\" class=\"wp-caption aligncenter\"><img loading=\"lazy\" decoding=\"async\" class=\"size-medium wp-image-10250\" src=\"http:\/\/www.semlh-morbihan.fr\/wordpress\/wp-content\/uploads\/2025\/09\/IMG_4870-600x400.jpg\" alt=\"\" width=\"600\" height=\"400\" srcset=\"http:\/\/www.semlh-morbihan.fr\/wordpress\/wp-content\/uploads\/2025\/09\/IMG_4870-600x400.jpg 600w, http:\/\/www.semlh-morbihan.fr\/wordpress\/wp-content\/uploads\/2025\/09\/IMG_4870-768x512.jpg 768w, http:\/\/www.semlh-morbihan.fr\/wordpress\/wp-content\/uploads\/2025\/09\/IMG_4870.jpg 800w\" sizes=\"auto, (max-width: 600px) 100vw, 600px\" \/><figcaption id=\"caption-attachment-10250\" class=\"wp-caption-text\">\u00a0 \u00a0 \u00a0 \u00a0 \u00a0 \u00a0 \u00a0 \u00a0 \u00a0 \u00a0 \u00a0 \u00a0 \u00a0 \u00a0 \u00a0 \u00a0 \u00a0 \u00a0 \u00a0 \u00a0 \u00a0derni\u00e8re photo de Pascal le 13 juillet \u00e0 Penthi\u00e8vre<\/figcaption><\/figure>\n<p>&nbsp;<\/p>\n<p style=\"text-align: center;\">\u00a0\u00a0\u00a0\u00a0\u00a0\u00a0\u00a0 <img loading=\"lazy\" decoding=\"async\" class=\"aligncenter size-medium wp-image-10246\" src=\"http:\/\/www.semlh-morbihan.fr\/wordpress\/wp-content\/uploads\/2025\/09\/obseques_Pascal-Lecomte19092025-1-415x600.jpg\" alt=\"\" width=\"415\" height=\"600\" srcset=\"http:\/\/www.semlh-morbihan.fr\/wordpress\/wp-content\/uploads\/2025\/09\/obseques_Pascal-Lecomte19092025-1-415x600.jpg 415w, http:\/\/www.semlh-morbihan.fr\/wordpress\/wp-content\/uploads\/2025\/09\/obseques_Pascal-Lecomte19092025-1-708x1024.jpg 708w, http:\/\/www.semlh-morbihan.fr\/wordpress\/wp-content\/uploads\/2025\/09\/obseques_Pascal-Lecomte19092025-1-768x1111.jpg 768w, http:\/\/www.semlh-morbihan.fr\/wordpress\/wp-content\/uploads\/2025\/09\/obseques_Pascal-Lecomte19092025-1-1062x1536.jpg 1062w, http:\/\/www.semlh-morbihan.fr\/wordpress\/wp-content\/uploads\/2025\/09\/obseques_Pascal-Lecomte19092025-1.jpg 1130w\" sizes=\"auto, (max-width: 415px) 100vw, 415px\" \/><\/p>\n<p style=\"text-align: center;\">\u00a0\u00a0 <strong><u>Obs\u00e8ques Pascal LECOMTE<\/u><\/strong><\/p>\n<p style=\"text-align: center;\"><strong>Allocution du g\u00e9n\u00e9ral (2s) Pr\u00e9vost, pr\u00e9sident de la section SMLH du Morbihan<\/strong><\/p>\n<p>&nbsp;<\/p>\n<p style=\"text-align: center;\">Chapelle St Yves, Vannes, le 17 septembre 2025<\/p>\n<p>PASCAL<\/p>\n<p>Lorsque tu as \u00e9t\u00e9 fait Chevalier de la L\u00e9gion d\u2019Honneur, en 1989, tu as tout de suite compris que cette d\u00e9coration n\u2019\u00e9tait pas une fin en soi, mais presqu\u2019un nouveau d\u00e9part, une nouvelle mission au service de la Nation.<\/p>\n<p>En effet, \u00eatre d\u00e9cor\u00e9 c\u2019est bien, mais cette d\u00e9coration nous cr\u00e9e des devoirs, elle nous engage \u00e0 continuer \u00e0 servir notre Pays.<\/p>\n<p style=\"text-align: justify;\">Ta derni\u00e8re affectation en tant qu\u2019Officier de la L\u00e9gion d\u2019Honneur aura \u00e9t\u00e9 au sein de notre Section du Morbihan, comme vice-pr\u00e9sident depuis plus de dix ans. Qui ne te connait pas dans la Section, dans le Comit\u00e9 du Pays de Vannes\u00a0? Tu as su donner de ta personne dans tous les secteurs de nos activit\u00e9s, de nos missions confi\u00e9es par notre Si\u00e8ge national, \u00e0 savoir\u00a0:<\/p>\n<ul>\n<li><em>Concourir au prestige de l\u2019Ordre,<\/em><\/li>\n<li><em>Promouvoir les valeurs incarn\u00e9es par la L\u00e9gion d\u2019Honneur et contribuer au d\u00e9veloppement de l\u2019esprit civique et patriotique,<\/em><\/li>\n<li><em>Participer aux activit\u00e9s de solidarit\u00e9 nationale.<\/em><\/li>\n<\/ul>\n<p>Je ne citerai pas toutes tes actions au sein de notre Section, mais j\u2019en retiendrai quelques-unes majeures\u00a0!<\/p>\n<p><strong>CONCOURIR au prestige de l\u2019Ordre<\/strong>\u00a0: tu as \u00e9t\u00e9 la cheville ouvri\u00e8re pour la cr\u00e9ation de notre action \u00ab\u00a0Devenir Fran\u00e7ais\u00a0\u00bb au profit des demandeurs de la Nationalit\u00e9 Fran\u00e7aise. Tes connaissances de l\u2019administration dans notre Pays, ton exp\u00e9rience professionnelle, t\u2019ont permis de construire avec mon pr\u00e9d\u00e9cesseur une Convention entre la Pr\u00e9fecture, le Conseil d\u00e9partemental, et notre Si\u00e8ge parisien, pour mettre en \u0153uvre cette belle action \u00ab\u00a0Devenir Fran\u00e7ais\u00a0\u00bb. Voil\u00e0 maintenant 15 ans que nous proposons cette formation aux demandeurs de la Nationalit\u00e9. Quelle joie partag\u00e9e quand nous recevions les remerciements de nos auditeurs qui, gr\u00e2ce \u00e0 toi, gr\u00e2ce \u00e0 tous ceux qui, avec nous, participent \u00e0 cette action, nous faisaient part de leur naturalisation. Tes interventions dans des sujets importants (La France dans le Monde, la constitution de la V\u00e8me R\u00e9publique, les partis politiques et les Syndicats) \u00e9taient toujours suivies avec une tr\u00e8s grande attention.<\/p>\n<p>Qui plus est, le travail auquel tu as particip\u00e9 est reconnu au niveau national puisque de nombreuses autres Sections nous sollicitent pour adopter elles aussi ce concept.<\/p>\n<p>&nbsp;<\/p>\n<p style=\"text-align: justify;\"><strong>PROMOUVOIR les valeurs incarn\u00e9es par la L\u00e9gion d\u2019Honneur<\/strong> et contribuer au d\u00e9veloppement de l\u2019esprit civique\u00a0: tu as tenu \u00e0 nous repr\u00e9senter pour la formation des jeunes porte-drapeaux du d\u00e9partement. Rien ne t\u2019y obligeait, mais c\u2019\u00e9tait pour toi presqu\u2019un devoir que tu tenais vraiment \u00e0 r\u00e9aliser\u00a0! je sais que ton exp\u00e9rience, tes acquis faisaient briller les yeux de ces jeunes qui admiraient cet \u00ab\u00a0ancien\u00a0\u00bb et devaient r\u00eaver de te ressembler. Souhaitons-leur de trouver dans leurs exp\u00e9riences un accomplissement digne de ce que tu leur as appris.<\/p>\n<p>Tu as fait partie aussi de l\u2019\u00e9quipe qui s\u2019est mise \u00e0 disposition des jeunes du SNU lors de leur stage \u00e0 Etel, et l\u00e0 aussi, tu as conquis ces jeunes par ton souci de faire passer un message cr\u00e9dible.<\/p>\n<p>&nbsp;<\/p>\n<p style=\"text-align: justify;\"><strong>PARTICIPER aux activit\u00e9s de solidarit\u00e9 nationale\u00a0<\/strong>: notre Section est pr\u00e9sente, avec son Drapeau, \u00e0 toutes les C\u00e9r\u00e9monies comm\u00e9moratives et patriotiques. Tu as toujours \u00e9t\u00e9 avec nous pour toutes ces C\u00e9r\u00e9monies et surtout je savais que je pouvais compter sur toi, mon 1<sup>er<\/sup> vice-pr\u00e9sident, pour me repr\u00e9senter si des circonstances sp\u00e9ciales m\u2019emp\u00eachaient d\u2019\u00eatre pr\u00e9sent.<\/p>\n<p style=\"text-align: justify;\">Il y a deux mois, le 13 juillet, alors que la maladie gagnait du terrain, tu nous repr\u00e9sentais encore aux c\u00e9r\u00e9monies \u00e0 Penthi\u00e8vre. C\u2019\u00e9tait ton fief et tu tenais \u00e0 \u00eatre pr\u00e9sent.<\/p>\n<p>&nbsp;<\/p>\n<p>Pour tout cela Pascal, nous te disons tous MERCI.<\/p>\n<p>Quand je dis tous, c\u2019est bien s\u00fbr nous tes coll\u00e8gues de la Section L\u00e9gion d\u2019Honneur du Morbihan, les membres du Bureau, mais aussi ce sont nos camarades du Groupe de l\u2019IHEDN, l\u2019Institut des hautes \u00e9tudes de la D\u00e9fense nationale, que j\u2019ai rencontr\u00e9s samedi dernier et qui ont partag\u00e9 avec toi de vrais moments de solidarit\u00e9 et de r\u00e9flexion sur la d\u00e9fense de notre Pays. Encore une de tes activit\u00e9s \u2026<\/p>\n<p>Partout o\u00f9 tu passais, tu as \u00e9t\u00e9 remarqu\u00e9 par ton ouverture d\u2019esprit, ta courtoisie et ta grande humilit\u00e9\u00a0: c\u2019\u00e9tait cela aussi ta fa\u00e7on de servir.<\/p>\n<p>&nbsp;<\/p>\n<p>Tu vois Pascal, tu t\u2019\u00e9tais mis au service de tous, et tu as parfaitement r\u00e9ussi. Merci pour tout ce que tu as fait avec et pour nous.<\/p>\n<p>Nus allons devoir faire sans toi maintenant, mais ton exemple nous guidera dans nos actions \u00e0 venir, \u00e0 toi de continuer \u00e0 nous aider de l\u00e0 o\u00f9 tu es maintenant.<\/p>\n<p>Philippe Pr\u00e9vost<\/p>\n<p>&nbsp;<\/p>\n<p>&nbsp;<\/p>\n<p>&nbsp;<\/p>\n<p>&nbsp;<\/p>\n<p>&nbsp;<\/p>\n<p>&nbsp;<\/p>\n<p>&nbsp;<\/p>\n<p>&nbsp;<\/p>\n<p>&nbsp;<\/p>\n<p>&nbsp;<\/p>\n<p>&nbsp;<\/p>\n<p>&nbsp;<\/p>\n","protected":false},"excerpt":{"rendered":"<p>&nbsp; &nbsp; \u00a0\u00a0\u00a0\u00a0\u00a0\u00a0\u00a0 \u00a0\u00a0 Obs\u00e8ques Pascal LECOMTE Allocution du g\u00e9n\u00e9ral (2s) Pr\u00e9vost, pr\u00e9sident de la section SMLH du Morbihan &nbsp; Chapelle St Yves, Vannes, le&#8230;<\/p>\n","protected":false},"author":329,"featured_media":10245,"comment_status":"closed","ping_status":"open","sticky":false,"template":"","format":"standard","meta":{"footnotes":""},"categories":[497,337],"tags":[607],"class_list":["post-10243","post","type-post","status-publish","format-standard","has-post-thumbnail","hentry","category-deces-la-section","category-la-section","tag-section-smlh-du-morbihan","wpcat-497-id","wpcat-337-id"],"_links":{"self":[{"href":"http:\/\/www.semlh-morbihan.fr\/wordpress\/wp-json\/wp\/v2\/posts\/10243","targetHints":{"allow":["GET"]}}],"collection":[{"href":"http:\/\/www.semlh-morbihan.fr\/wordpress\/wp-json\/wp\/v2\/posts"}],"about":[{"href":"http:\/\/www.semlh-morbihan.fr\/wordpress\/wp-json\/wp\/v2\/types\/post"}],"author":[{"embeddable":true,"href":"http:\/\/www.semlh-morbihan.fr\/wordpress\/wp-json\/wp\/v2\/users\/329"}],"replies":[{"embeddable":true,"href":"http:\/\/www.semlh-morbihan.fr\/wordpress\/wp-json\/wp\/v2\/comments?post=10243"}],"version-history":[{"count":6,"href":"http:\/\/www.semlh-morbihan.fr\/wordpress\/wp-json\/wp\/v2\/posts\/10243\/revisions"}],"predecessor-version":[{"id":10254,"href":"http:\/\/www.semlh-morbihan.fr\/wordpress\/wp-json\/wp\/v2\/posts\/10243\/revisions\/10254"}],"wp:featuredmedia":[{"embeddable":true,"href":"http:\/\/www.semlh-morbihan.fr\/wordpress\/wp-json\/wp\/v2\/media\/10245"}],"wp:attachment":[{"href":"http:\/\/www.semlh-morbihan.fr\/wordpress\/wp-json\/wp\/v2\/media?parent=10243"}],"wp:term":[{"taxonomy":"category","embeddable":true,"href":"http:\/\/www.semlh-morbihan.fr\/wordpress\/wp-json\/wp\/v2\/categories?post=10243"},{"taxonomy":"post_tag","embeddable":true,"href":"http:\/\/www.semlh-morbihan.fr\/wordpress\/wp-json\/wp\/v2\/tags?post=10243"}],"curies":[{"name":"wp","href":"https:\/\/api.w.org\/{rel}","templated":true}]}}