{"id":10267,"date":"2025-10-11T18:46:08","date_gmt":"2025-10-11T16:46:08","guid":{"rendered":"http:\/\/www.semlh-morbihan.fr\/wordpress\/?p=10267"},"modified":"2025-10-11T18:48:19","modified_gmt":"2025-10-11T16:48:19","slug":"assemblee-annuelle-du-comite-du-pays-de-vannes-le-7-octobre-2025-a-questembert","status":"publish","type":"post","link":"http:\/\/www.semlh-morbihan.fr\/wordpress\/2025\/10\/11\/assemblee-annuelle-du-comite-du-pays-de-vannes-le-7-octobre-2025-a-questembert\/","title":{"rendered":"Assembl\u00e9e annuelle du comit\u00e9 du pays de Vannes le 7 octobre 2025 \u00e0 Questembert"},"content":{"rendered":"<pre class=\"moz-quote-pre\">L'assembl\u00e9e annuelle du comit\u00e9 du Pays d Vannes s'est d\u00e9roul\u00e9e \u00e0 Questembert le 7 octobre.\r\nLes soci\u00e9taires ont eu connaissance des rapports moraux, d'activit\u00e9 et des finances pour l'ann\u00e9e \u00e9coul\u00e9e.\r\nLe g\u00e9n\u00e9ral ROUSSEL a tenue une conf\u00e9rence sur l'\"Op\u00e9ration Dynamo, 1940, la poche de Dunkerque\".\r\n M.LEMAIRE, maire de Questembert a pr\u00e9sent\u00e9 sa commune, et les prestations qu'il a mis \u00e0 notre disposition sont \u00e0 saluer.\r\nAM.DURO, notre pr\u00e9sidente,  lui a remis la m\u00e9daille de la SMLH \u00e0 titre de reconnaissance.\r\nUn repas cl\u00f4turait cette manifestation au restaurant \"Les Caudalies\" pour une quarantaine de participants.\r\nle secr\u00e9taire\r\nRoland Mergel\r\n\r\n<\/pre>\n<figure id=\"attachment_10270\" aria-describedby=\"caption-attachment-10270\" style=\"width: 600px\" class=\"wp-caption aligncenter\"><img loading=\"lazy\" decoding=\"async\" class=\"size-medium wp-image-10270\" src=\"http:\/\/www.semlh-morbihan.fr\/wordpress\/wp-content\/uploads\/2025\/10\/IMG_20251007_121517-600x450.jpg\" alt=\"\" width=\"600\" height=\"450\" srcset=\"http:\/\/www.semlh-morbihan.fr\/wordpress\/wp-content\/uploads\/2025\/10\/IMG_20251007_121517-600x450.jpg 600w, http:\/\/www.semlh-morbihan.fr\/wordpress\/wp-content\/uploads\/2025\/10\/IMG_20251007_121517-1024x768.jpg 1024w, http:\/\/www.semlh-morbihan.fr\/wordpress\/wp-content\/uploads\/2025\/10\/IMG_20251007_121517-768x576.jpg 768w, http:\/\/www.semlh-morbihan.fr\/wordpress\/wp-content\/uploads\/2025\/10\/IMG_20251007_121517-1536x1152.jpg 1536w, http:\/\/www.semlh-morbihan.fr\/wordpress\/wp-content\/uploads\/2025\/10\/IMG_20251007_121517-2048x1536.jpg 2048w, http:\/\/www.semlh-morbihan.fr\/wordpress\/wp-content\/uploads\/2025\/10\/IMG_20251007_121517-1218x914.jpg 1218w, http:\/\/www.semlh-morbihan.fr\/wordpress\/wp-content\/uploads\/2025\/10\/IMG_20251007_121517-480x360.jpg 480w\" sizes=\"auto, (max-width: 600px) 100vw, 600px\" \/><figcaption id=\"caption-attachment-10270\" class=\"wp-caption-text\">remise de la m\u00e9daille de la SMLH par madame Anne-Marie Duro au maire de Questembert<\/figcaption><\/figure>\n<p><img loading=\"lazy\" decoding=\"async\" class=\"aligncenter size-medium wp-image-10269\" src=\"http:\/\/www.semlh-morbihan.fr\/wordpress\/wp-content\/uploads\/2025\/10\/IMG_20251007_121455-600x450.jpg\" alt=\"\" width=\"600\" height=\"450\" srcset=\"http:\/\/www.semlh-morbihan.fr\/wordpress\/wp-content\/uploads\/2025\/10\/IMG_20251007_121455-600x450.jpg 600w, http:\/\/www.semlh-morbihan.fr\/wordpress\/wp-content\/uploads\/2025\/10\/IMG_20251007_121455-1024x768.jpg 1024w, http:\/\/www.semlh-morbihan.fr\/wordpress\/wp-content\/uploads\/2025\/10\/IMG_20251007_121455-768x576.jpg 768w, http:\/\/www.semlh-morbihan.fr\/wordpress\/wp-content\/uploads\/2025\/10\/IMG_20251007_121455-1536x1152.jpg 1536w, http:\/\/www.semlh-morbihan.fr\/wordpress\/wp-content\/uploads\/2025\/10\/IMG_20251007_121455-2048x1536.jpg 2048w, http:\/\/www.semlh-morbihan.fr\/wordpress\/wp-content\/uploads\/2025\/10\/IMG_20251007_121455-1218x914.jpg 1218w, http:\/\/www.semlh-morbihan.fr\/wordpress\/wp-content\/uploads\/2025\/10\/IMG_20251007_121455-480x360.jpg 480w\" sizes=\"auto, (max-width: 600px) 100vw, 600px\" \/><\/p>\n","protected":false},"excerpt":{"rendered":"<p>L&rsquo;assembl\u00e9e annuelle du comit\u00e9 du Pays d Vannes s&rsquo;est d\u00e9roul\u00e9e \u00e0 Questembert le 7 octobre. Les soci\u00e9taires ont eu connaissance des rapports moraux, d&rsquo;activit\u00e9 et&#8230;<\/p>\n","protected":false},"author":329,"featured_media":10272,"comment_status":"closed","ping_status":"open","sticky":false,"template":"","format":"standard","meta":{"footnotes":""},"categories":[350,346],"tags":[623],"class_list":["post-10267","post","type-post","status-publish","format-standard","has-post-thumbnail","hentry","category-actualites-comite-du-pays-de-vannes","category-comite-du-pays-de-vannes","tag-comite-du-pays-de-vannes","wpcat-350-id","wpcat-346-id"],"_links":{"self":[{"href":"http:\/\/www.semlh-morbihan.fr\/wordpress\/wp-json\/wp\/v2\/posts\/10267","targetHints":{"allow":["GET"]}}],"collection":[{"href":"http:\/\/www.semlh-morbihan.fr\/wordpress\/wp-json\/wp\/v2\/posts"}],"about":[{"href":"http:\/\/www.semlh-morbihan.fr\/wordpress\/wp-json\/wp\/v2\/types\/post"}],"author":[{"embeddable":true,"href":"http:\/\/www.semlh-morbihan.fr\/wordpress\/wp-json\/wp\/v2\/users\/329"}],"replies":[{"embeddable":true,"href":"http:\/\/www.semlh-morbihan.fr\/wordpress\/wp-json\/wp\/v2\/comments?post=10267"}],"version-history":[{"count":2,"href":"http:\/\/www.semlh-morbihan.fr\/wordpress\/wp-json\/wp\/v2\/posts\/10267\/revisions"}],"predecessor-version":[{"id":10271,"href":"http:\/\/www.semlh-morbihan.fr\/wordpress\/wp-json\/wp\/v2\/posts\/10267\/revisions\/10271"}],"wp:featuredmedia":[{"embeddable":true,"href":"http:\/\/www.semlh-morbihan.fr\/wordpress\/wp-json\/wp\/v2\/media\/10272"}],"wp:attachment":[{"href":"http:\/\/www.semlh-morbihan.fr\/wordpress\/wp-json\/wp\/v2\/media?parent=10267"}],"wp:term":[{"taxonomy":"category","embeddable":true,"href":"http:\/\/www.semlh-morbihan.fr\/wordpress\/wp-json\/wp\/v2\/categories?post=10267"},{"taxonomy":"post_tag","embeddable":true,"href":"http:\/\/www.semlh-morbihan.fr\/wordpress\/wp-json\/wp\/v2\/tags?post=10267"}],"curies":[{"name":"wp","href":"https:\/\/api.w.org\/{rel}","templated":true}]}}