{"id":10299,"date":"2025-11-24T18:28:05","date_gmt":"2025-11-24T17:28:05","guid":{"rendered":"http:\/\/www.semlh-morbihan.fr\/wordpress\/?p=10299"},"modified":"2025-11-25T15:57:57","modified_gmt":"2025-11-25T14:57:57","slug":"rene-fourdan-98-ans-combattant-volontaire-rhin-et-danube-recoit-la-legion-dhonneur","status":"publish","type":"post","link":"http:\/\/www.semlh-morbihan.fr\/wordpress\/2025\/11\/24\/rene-fourdan-98-ans-combattant-volontaire-rhin-et-danube-recoit-la-legion-dhonneur\/","title":{"rendered":"RENE FOURDAN 98 ANS COMBATTANT VOLONTAIRE RHIN ET DANUBE RE\u00c7OIT LA L\u00c9GION D&rsquo;HONNEUR"},"content":{"rendered":"<p><img loading=\"lazy\" decoding=\"async\" class=\"aligncenter size-medium wp-image-10293\" src=\"http:\/\/www.semlh-morbihan.fr\/wordpress\/wp-content\/uploads\/2025\/11\/trashed-1766573119-20251122_112005-600x338.jpg\" alt=\"\" width=\"600\" height=\"338\" srcset=\"http:\/\/www.semlh-morbihan.fr\/wordpress\/wp-content\/uploads\/2025\/11\/trashed-1766573119-20251122_112005-600x338.jpg 600w, http:\/\/www.semlh-morbihan.fr\/wordpress\/wp-content\/uploads\/2025\/11\/trashed-1766573119-20251122_112005-1024x576.jpg 1024w, http:\/\/www.semlh-morbihan.fr\/wordpress\/wp-content\/uploads\/2025\/11\/trashed-1766573119-20251122_112005-768x432.jpg 768w, http:\/\/www.semlh-morbihan.fr\/wordpress\/wp-content\/uploads\/2025\/11\/trashed-1766573119-20251122_112005-1536x864.jpg 1536w, http:\/\/www.semlh-morbihan.fr\/wordpress\/wp-content\/uploads\/2025\/11\/trashed-1766573119-20251122_112005-2048x1153.jpg 2048w, http:\/\/www.semlh-morbihan.fr\/wordpress\/wp-content\/uploads\/2025\/11\/trashed-1766573119-20251122_112005-1218x685.jpg 1218w\" sizes=\"auto, (max-width: 600px) 100vw, 600px\" \/>Le 22 novembre 2025, dans le salon d&rsquo;honneur de la mairie de Pontivy, M Ren\u00e9 Fourdan enfant du Pays fait chevalier de la l\u00e9gion d&rsquo;honneur par M Jean-Pierre Le Roch ancien d\u00e9put\u00e9 maire de Pontivy.<\/p>\n<p>En Pr\u00e9sence de toute sa famille d&rsquo;\u00e9lus et des associations locales, hommage lui a \u00e9t\u00e9 rendu:<\/p>\n<p align=\"left\">N\u00e9 \u00e0 Cl\u00e9gu\u00e9rec le 7 octobre 1927, vous rejoignez Pontivy avec votre<br \/>\nfamille en 1938, lorsque votre p\u00e8re y est nomm\u00e9 facteur pour les<br \/>\ncommunes alentour, puis ult\u00e9rieurement sur la tourn\u00e9e de la rue<br \/>\nNationale.<br \/>\nBeaucoup s\u2019en souviennent encore ici, notamment Henri Le Dorze,<br \/>\npr\u00e9sent parmi nous, ainsi que plusieurs membres des Amis de Pontivy.<br \/>\nC\u2019est donc tout naturellement que cette c\u00e9r\u00e9monie se d\u00e9roule \u00e0 la<br \/>\nmairie de Pontivy, lieu charg\u00e9 de sens et d\u2019histoire.<br \/>\n\u00c0 tout juste dix-sept ans, \u00e0 peine la Ville lib\u00e9r\u00e9e le 4 ao\u00fbt 1944,<br \/>\nvous faites un choix courageux, rare \u00e0 cet \u00e2ge : celui de vous engager<br \/>\nvolontairement pour la dur\u00e9e de la guerre, avec l\u2019autorisation de<br \/>\nvotre p\u00e8re.<br \/>\nVotre motivation ? Le devoir patriotique, celui de lib\u00e9rer le territoire<br \/>\nde l\u2019occupant.<br \/>\nVous \u00eates alors affect\u00e9 comme second canonnier \u00e0 la batterie<br \/>\nBretagne du 40\u1d49 Groupe Colonial de D\u00e9fense Contre Avions, le 40\u1d49<br \/>\nG.C.D.C.A., rattach\u00e9 \u00e0 la Premi\u00e8re Arm\u00e9e Fran\u00e7aise, que l\u2019on<br \/>\nappellera bient\u00f4t \u201cRhin et Danube\u201d.<br \/>\nCette unit\u00e9 fut cit\u00e9e \u00e0 l\u2019ordre du Corps d\u2019Arm\u00e9e par le g\u00e9n\u00e9ral de<br \/>\nLattre de Tassigny pour sa bravoure pendant la campagne de<br \/>\nFrance, notamment dans les Vosges et en Alsace, durant le terrible<br \/>\nhiver 1944-1945.<br \/>\nVous participez alors, aux c\u00f4t\u00e9s de vos fr\u00e8res d\u2019armes \u2013 dont beaucoup<br \/>\navaient combattu en Italie \u2013 \u00e0 des op\u00e9rations men\u00e9es dans des<br \/>\nconditions extr\u00eames :<br \/>\nmoins vingt degr\u00e9s, vent glacial, neige abondante: cinquante<br \/>\ncentim\u00e8tres au sol au Col du Bonhomme.<br \/>\nVictime d\u2019engelures s\u00e9v\u00e8res aux pieds, vous \u00eates \u00e9vacu\u00e9 vers l&rsquo; h\u00f4pital<br \/>\nmilitaire de Remiremont puis \u00e0 l\u2019h\u00f4pital Hippolyte Fontaine \u00e0 Dijon.<br \/>\nUne fois r\u00e9tabli, vous rejoignez votre unit\u00e9 combattante et reprenez<br \/>\nposition \u00e0 Gambsheim dans la r\u00e9gion de Strasbourg, encore sous la<br \/>\nmenace ennemie.<br \/>\nLe 31 mars 1945, vous traversez le Rhin \u00e0 Spire et progressez en<br \/>\nAllemagne.<br \/>\nLe 21 avril 1945, le g\u00e9n\u00e9ral de Lattre de Tassigny Commandant en<br \/>\nChef la Premi\u00e8re Arm\u00e9e Fran\u00e7aise cite votre unit\u00e9, le 40i\u00e8me<br \/>\nGroupe Colonial de D.C.A., \u00e0 l\u2019ordre du Corps d\u2019Arm\u00e9e.<br \/>\nJe me permets de rappeler quelques lignes de cette citation qui vous<br \/>\nest d\u00e9livr\u00e9e le 5 mai 1945 par votre commandant:<br \/>\n\u00ab Pendant la campagne de France, sous le commandement du<br \/>\nCapitaine Mar\u00e9chal, le 40\u1d49 Groupe a particip\u00e9 aux op\u00e9rations des<br \/>\nVosges et de l\u2019Alsace, dans des conditions climatiques et tactiques tr\u00e8s<br \/>\ndifficiles, en pleine action de combat.<br \/>\nIl a, en outre, apport\u00e9 une aide pr\u00e9cieuse en assurant le transport du<br \/>\nmat\u00e9riel n\u00e9cessaire au franchissement des br\u00e8ches.<br \/>\nLe 40\u1d49 GCDCA a compt\u00e9 20 tu\u00e9s, 21 bless\u00e9s, et s\u2019est vu homologuer<br \/>\n26 avions abattus.<br \/>\nD\u00e9livr\u00e9 \u00e0 Ren\u00e9 FOURDAN, deuxi\u00e8me canonnier, matricule 40260. \u00bb<br \/>\nC\u2019est \u00e0 Schopfloch que vous apprenez la fin des hostilit\u00e9s, le 8 mai<br \/>\n1945<br \/>\nVous \u00eates ensuite affect\u00e9 aux troupes d\u2019occupation dans le secteur de<br \/>\nT\u00fcbingen puis Tailfingen, avant d\u2019\u00eatre d\u00e9mobilis\u00e9 le 19 d\u00e9cembre<br \/>\n1945.<br \/>\nVotre mission de soldat accomplie, vous reprenez une vie civile<br \/>\nexemplaire.<br \/>\nApr\u00e8s un passage au Service du Ravitaillement de Pontivy, vous<br \/>\nr\u00e9ussissez le concours d\u2019entr\u00e9e dans l\u2019administration des PTT. Votre<br \/>\ncarri\u00e8re vous conduit \u00e0 Paris, puis \u00e0 Pontivy, Lanester et enfin<br \/>\nLorient, o\u00f9 vous terminez comme contr\u00f4leur divisionnaire.<br \/>\nPetit clin d\u2019oeil de l\u2019histoire : vous r\u00e9sidez aujourd\u2019hui impasse \u00c9mile<br \/>\nMasson, du nom d\u2019un intellectuel breton originaire de Pontivy, p\u00e8re<br \/>\ndu regrett\u00e9 maire Michel Masson.<br \/>\nMais votre engagement ne s\u2019arr\u00eate pas l\u00e0.<br \/>\nTout au long de votre vie, vous \u00eates rest\u00e9 un homme d\u2019action et de<br \/>\nm\u00e9moire.<br \/>\nVice-pr\u00e9sident national et porte-drapeau du fanion du 40\u1d49 GCDCA<br \/>\n\u2014 jusqu\u2019\u00e0 la dissolution de l\u2019association en 2009 \u2014 vous avez<br \/>\n\u00e9galement \u00e9t\u00e9 membre actif de l\u2019Association Rhin et Danube qui<br \/>\nvous a d\u00e9cern\u00e9 son dipl\u00f4me d&rsquo;honneur, notamment pour votre<br \/>\nimplication en Morbihan.<br \/>\n\u00c0 Vannes, \u00e0 Pontivy, \u00e0 Lorient\u2026 vous participez \u00e0 de nombreuses<br \/>\nc\u00e9r\u00e9monies,<br \/>\nnotamment \u00e0 l\u2019inauguration du Pont Rhin et Danube \u00e0 Pontivy en<br \/>\nmai 1987. Chaque 8 mai, vous lisez \u00e0 Lorient avec \u00e9motion l\u2019ordre<br \/>\ndu jour n\u00b09 du g\u00e9n\u00e9ral de Lattre de Tassigny, dat\u00e9 du 9 mai 1945.<br \/>\nEt vous l\u2019avez encore fait cette ann\u00e9e, pour le 80\u1d49 anniversaire de la<br \/>\nLib\u00e9ration, \u00e0 Lorient, \u00e0 l\u2019\u00e2ge de 97 ans. Quel symbole ! Quelle<br \/>\nfid\u00e9lit\u00e9 \u00e0 la m\u00e9moire de vos fr\u00e8res d\u2019armes !<br \/>\nMonsieur FOURDAN, tout au long de votre parcours, vous avez fait<br \/>\npreuve d\u2019un courage exemplaire, d\u2019une modestie rare et d\u2019une<br \/>\nconviction profonde. Votre engagement, d\u00e8s l\u2019\u00e2ge de seize ans, reste<br \/>\nune le\u00e7on de vie. Votre t\u00e9moignage nous rappelle combien la paix est<br \/>\nfragile, et combien nous devons \u00e0 votre g\u00e9n\u00e9ration d\u2019avoir su la<br \/>\npr\u00e9server.<br \/>\nNe l\u2019oublions pas, ne l\u2019oublions jamais :<br \/>\nc\u2019est gr\u00e2ce \u00e0 vous, Monsieur FOURDAN, et \u00e0 vos compagnons<br \/>\nd\u2019armes,<br \/>\nque notre pays a connu le plus long temps de paix de son histoire.<br \/>\nC\u2019est pourquoi, par d\u00e9cret du 4 juillet 2025,<br \/>\nvous avez \u00e9t\u00e9 promu dans l\u2019Ordre national de la L\u00e9gion<br \/>\nd\u2019honneur,<br \/>\nau titre des anciens combattants de la guerre 1939-1945,<br \/>\n\u00e0 l\u2019occasion du 80\u1d49 anniversaire de la fin de la Seconde Guerre<br \/>\nmondiale.<br \/>\nMonsieur FOURDAN,<br \/>\nau nom de la Nation, qui vous a d\u00e9cern\u00e9 en 2009 la m\u00e9daille de<br \/>\nreconnaissance \u00aben t\u00e9moignage des services exceptionnels rendus<br \/>\nlors de la guerre 1939-1945\u00bb<br \/>\nrecevez aujourd\u2019hui notre admiration, notre gratitude, et le profond<br \/>\nrespect de tous ceux qui savent que la paix d\u2019aujourd\u2019hui porte le nom<br \/>\nde votre courage.<\/p>\n<p align=\"left\"><img loading=\"lazy\" decoding=\"async\" class=\"aligncenter size-medium wp-image-10295\" src=\"http:\/\/www.semlh-morbihan.fr\/wordpress\/wp-content\/uploads\/2025\/11\/trashed-1766573215-20251122_111903-338x600.jpg\" alt=\"\" width=\"338\" height=\"600\" srcset=\"http:\/\/www.semlh-morbihan.fr\/wordpress\/wp-content\/uploads\/2025\/11\/trashed-1766573215-20251122_111903-338x600.jpg 338w, http:\/\/www.semlh-morbihan.fr\/wordpress\/wp-content\/uploads\/2025\/11\/trashed-1766573215-20251122_111903-576x1024.jpg 576w, http:\/\/www.semlh-morbihan.fr\/wordpress\/wp-content\/uploads\/2025\/11\/trashed-1766573215-20251122_111903-768x1365.jpg 768w, http:\/\/www.semlh-morbihan.fr\/wordpress\/wp-content\/uploads\/2025\/11\/trashed-1766573215-20251122_111903-864x1536.jpg 864w, http:\/\/www.semlh-morbihan.fr\/wordpress\/wp-content\/uploads\/2025\/11\/trashed-1766573215-20251122_111903-1153x2048.jpg 1153w, http:\/\/www.semlh-morbihan.fr\/wordpress\/wp-content\/uploads\/2025\/11\/trashed-1766573215-20251122_111903-1218x2164.jpg 1218w, http:\/\/www.semlh-morbihan.fr\/wordpress\/wp-content\/uploads\/2025\/11\/trashed-1766573215-20251122_111903-scaled.jpg 1441w\" sizes=\"auto, (max-width: 338px) 100vw, 338px\" \/><br \/>\n<img loading=\"lazy\" decoding=\"async\" class=\"aligncenter size-medium wp-image-10294\" src=\"http:\/\/www.semlh-morbihan.fr\/wordpress\/wp-content\/uploads\/2025\/11\/trashed-1766573184-20251122_111331-600x338.jpg\" alt=\"\" width=\"600\" height=\"338\" srcset=\"http:\/\/www.semlh-morbihan.fr\/wordpress\/wp-content\/uploads\/2025\/11\/trashed-1766573184-20251122_111331-600x338.jpg 600w, http:\/\/www.semlh-morbihan.fr\/wordpress\/wp-content\/uploads\/2025\/11\/trashed-1766573184-20251122_111331-1024x576.jpg 1024w, http:\/\/www.semlh-morbihan.fr\/wordpress\/wp-content\/uploads\/2025\/11\/trashed-1766573184-20251122_111331-768x432.jpg 768w, http:\/\/www.semlh-morbihan.fr\/wordpress\/wp-content\/uploads\/2025\/11\/trashed-1766573184-20251122_111331-1536x864.jpg 1536w, http:\/\/www.semlh-morbihan.fr\/wordpress\/wp-content\/uploads\/2025\/11\/trashed-1766573184-20251122_111331-2048x1153.jpg 2048w, http:\/\/www.semlh-morbihan.fr\/wordpress\/wp-content\/uploads\/2025\/11\/trashed-1766573184-20251122_111331-1218x685.jpg 1218w\" sizes=\"auto, (max-width: 600px) 100vw, 600px\" \/><img loading=\"lazy\" decoding=\"async\" class=\"aligncenter size-medium wp-image-10298\" src=\"http:\/\/www.semlh-morbihan.fr\/wordpress\/wp-content\/uploads\/2025\/11\/Capture-decran-2025-11-24-164507-291x600.png\" alt=\"\" width=\"291\" height=\"600\" srcset=\"http:\/\/www.semlh-morbihan.fr\/wordpress\/wp-content\/uploads\/2025\/11\/Capture-decran-2025-11-24-164507-291x600.png 291w, http:\/\/www.semlh-morbihan.fr\/wordpress\/wp-content\/uploads\/2025\/11\/Capture-decran-2025-11-24-164507.png 431w\" sizes=\"auto, (max-width: 291px) 100vw, 291px\" \/><\/p>\n","protected":false},"excerpt":{"rendered":"<p>Le 22 novembre 2025, dans le salon d&rsquo;honneur de la mairie de Pontivy, M Ren\u00e9 Fourdan enfant du Pays fait chevalier de la l\u00e9gion d&rsquo;honneur&#8230;<\/p>\n","protected":false},"author":332,"featured_media":10295,"comment_status":"closed","ping_status":"open","sticky":false,"template":"","format":"standard","meta":{"footnotes":""},"categories":[501,345,1],"tags":[608],"class_list":["post-10299","post","type-post","status-publish","format-standard","has-post-thumbnail","hentry","category-cermonies-patriotiques","category-comite-du-pays-de-pontivy","category-non-classe","tag-comite-smlh-du-pays-de-pontivy","wpcat-501-id","wpcat-345-id","wpcat-1-id"],"_links":{"self":[{"href":"http:\/\/www.semlh-morbihan.fr\/wordpress\/wp-json\/wp\/v2\/posts\/10299","targetHints":{"allow":["GET"]}}],"collection":[{"href":"http:\/\/www.semlh-morbihan.fr\/wordpress\/wp-json\/wp\/v2\/posts"}],"about":[{"href":"http:\/\/www.semlh-morbihan.fr\/wordpress\/wp-json\/wp\/v2\/types\/post"}],"author":[{"embeddable":true,"href":"http:\/\/www.semlh-morbihan.fr\/wordpress\/wp-json\/wp\/v2\/users\/332"}],"replies":[{"embeddable":true,"href":"http:\/\/www.semlh-morbihan.fr\/wordpress\/wp-json\/wp\/v2\/comments?post=10299"}],"version-history":[{"count":1,"href":"http:\/\/www.semlh-morbihan.fr\/wordpress\/wp-json\/wp\/v2\/posts\/10299\/revisions"}],"predecessor-version":[{"id":10300,"href":"http:\/\/www.semlh-morbihan.fr\/wordpress\/wp-json\/wp\/v2\/posts\/10299\/revisions\/10300"}],"wp:featuredmedia":[{"embeddable":true,"href":"http:\/\/www.semlh-morbihan.fr\/wordpress\/wp-json\/wp\/v2\/media\/10295"}],"wp:attachment":[{"href":"http:\/\/www.semlh-morbihan.fr\/wordpress\/wp-json\/wp\/v2\/media?parent=10299"}],"wp:term":[{"taxonomy":"category","embeddable":true,"href":"http:\/\/www.semlh-morbihan.fr\/wordpress\/wp-json\/wp\/v2\/categories?post=10299"},{"taxonomy":"post_tag","embeddable":true,"href":"http:\/\/www.semlh-morbihan.fr\/wordpress\/wp-json\/wp\/v2\/tags?post=10299"}],"curies":[{"name":"wp","href":"https:\/\/api.w.org\/{rel}","templated":true}]}}