{"id":1478,"date":"2017-01-18T12:00:00","date_gmt":"2017-01-18T11:00:00","guid":{"rendered":"http:\/\/www.semlh-morbihan.fr\/wordpress\/2017\/01\/18\/organisation-du-comite-du-pays-de-pontivy\/"},"modified":"2021-01-08T20:14:33","modified_gmt":"2021-01-08T19:14:33","slug":"organisation-du-comite-du-pays-de-pontivy","status":"publish","type":"post","link":"http:\/\/www.semlh-morbihan.fr\/wordpress\/2017\/01\/18\/organisation-du-comite-du-pays-de-pontivy\/","title":{"rendered":"Organisation du comit\u00e9 du pays de Pontivy"},"content":{"rendered":"<h2>Composition du bureau<\/h2>\n<table>\n<tbody>\n<tr class=\"row_even\">\n<td>Comit\u00e9 de Pontivy<\/td>\n<td><strong>Pr\u00e9sentation du Comit\u00e9 du pays de Pontivy <\/strong><\/td>\n<td><\/td>\n<\/tr>\n<tr class=\"row_odd\">\n<td><strong>Pr\u00e9sident<\/strong><\/td>\n<td>Colonel Joseph ROUXEL<\/td>\n<td>T\u00e9l 02 97 51 46 77<br \/>\njo.rouxel@wanadoo.fr<\/td>\n<\/tr>\n<tr class=\"row_even\">\n<td><strong>Vice-Pr\u00e9sident<\/strong><\/td>\n<td>Colonel(h) Fran\u00e7ois de Moustier<\/td>\n<td><\/td>\n<\/tr>\n<tr class=\"row_odd\">\n<td><strong>Secr\u00e9taire<\/strong><\/td>\n<td><\/td>\n<td><\/td>\n<\/tr>\n<tr class=\"row_even\">\n<td><strong>Tr\u00e9sorier<\/strong><\/td>\n<td>M. Jacques GUILLO<\/td>\n<td><\/td>\n<\/tr>\n<tr class=\"row_odd\">\n<td><strong>Porte-drapeaux<\/strong><\/td>\n<td>M. Louis HERVO<\/td>\n<td>T\u00e9l 02 97 38 41 46<br \/>\nlouis.hervo@sfr.fr<\/td>\n<\/tr>\n<tr class=\"row_even\">\n<td><\/td>\n<td><strong>D\u00e9l\u00e9gu\u00e9s de proximit\u00e9 <\/strong><\/td>\n<td><\/td>\n<\/tr>\n<tr class=\"row_odd\">\n<td><strong>Secteur Pontivy Rohan<\/strong><\/td>\n<td>Colonel Joseph Rouxel<\/td>\n<td><\/td>\n<\/tr>\n<tr class=\"row_even\">\n<td><strong>Secteur Baud Locmin\u00e9<\/strong><\/td>\n<td>Colonel (h) Fran\u00e7ois de MOUSTIER<\/td>\n<td><\/td>\n<\/tr>\n<tr class=\"row_odd\">\n<td><strong>Secteur de Baud<\/strong><\/td>\n<td>Col Fran\u00e7ois de MOUSTIER<\/td>\n<td><\/td>\n<\/tr>\n<tr class=\"row_even\">\n<td><strong>Secteur de Gourin<\/strong><\/td>\n<td>M. Yves LE FLOCH<\/td>\n<td><\/td>\n<\/tr>\n<\/tbody>\n<\/table>\n<p><strong>Si\u00e8ge<\/strong><br \/>\n12 Route de Co\u00ebt Nostra<br \/>\n56920 SAINT GERAND<br \/>\nT\u00e9l 02 97 51 46 77<\/p>\n<p><strong>Etendue du Comit\u00e9 :<\/strong><\/p>\n<p><strong>Communaut\u00e9 de communes de Pontivy <\/strong> : Pontivy, Le Soum, Guern, S\u00e9glien, Silfaix, Ste-Brigitte, St-Aignan Gleguerec Malgu\u00e9nac, Neuillac, Kergrist, Croixanvec, St-Gu\u00e9rand, St-Gonnery, Gueltas, Noyal-Pontivy, Kerfourn, St-Thuriau,Rohan, Brehan, Cr\u00e9din, Pleugriffet, Refuiny, Radenac.<\/p>\n<p><strong>Baud communaut\u00e9 <\/strong> : Baud, Gu\u00e9nin, St-Barth\u00e9l\u00e9my, Melrand, Plumeliau, Bieuzy-les-eaux.<\/p>\n<hr \/>\n<p><img loading=\"lazy\" decoding=\"async\" class=\" aligncenter size-full wp-image-1477\" src=\"http:\/\/www.semlh-morbihan.fr\/wordpress\/wp-content\/uploads\/2017\/01\/jpg_pays_de_pontivy.jpg\" alt=\"pays_de_pontivy.jpg\" width=\"1466\" height=\"2224\" align=\"center\" \/><\/p>\n","protected":false},"excerpt":{"rendered":"<p>Composition du bureau Comit\u00e9 de Pontivy Pr\u00e9sentation du Comit\u00e9 du pays de Pontivy Pr\u00e9sident Colonel Joseph ROUXEL T\u00e9l 02 97 51 46 77 jo.rouxel@wanadoo.fr Vice-Pr\u00e9sident&#8230;<\/p>\n","protected":false},"author":329,"featured_media":0,"comment_status":"open","ping_status":"open","sticky":false,"template":"","format":"standard","meta":{"footnotes":""},"categories":[345],"tags":[],"class_list":["post-1478","post","type-post","status-publish","format-standard","hentry","category-comite-du-pays-de-pontivy","wpcat-345-id"],"_links":{"self":[{"href":"http:\/\/www.semlh-morbihan.fr\/wordpress\/wp-json\/wp\/v2\/posts\/1478","targetHints":{"allow":["GET"]}}],"collection":[{"href":"http:\/\/www.semlh-morbihan.fr\/wordpress\/wp-json\/wp\/v2\/posts"}],"about":[{"href":"http:\/\/www.semlh-morbihan.fr\/wordpress\/wp-json\/wp\/v2\/types\/post"}],"author":[{"embeddable":true,"href":"http:\/\/www.semlh-morbihan.fr\/wordpress\/wp-json\/wp\/v2\/users\/329"}],"replies":[{"embeddable":true,"href":"http:\/\/www.semlh-morbihan.fr\/wordpress\/wp-json\/wp\/v2\/comments?post=1478"}],"version-history":[{"count":1,"href":"http:\/\/www.semlh-morbihan.fr\/wordpress\/wp-json\/wp\/v2\/posts\/1478\/revisions"}],"predecessor-version":[{"id":5690,"href":"http:\/\/www.semlh-morbihan.fr\/wordpress\/wp-json\/wp\/v2\/posts\/1478\/revisions\/5690"}],"wp:attachment":[{"href":"http:\/\/www.semlh-morbihan.fr\/wordpress\/wp-json\/wp\/v2\/media?parent=1478"}],"wp:term":[{"taxonomy":"category","embeddable":true,"href":"http:\/\/www.semlh-morbihan.fr\/wordpress\/wp-json\/wp\/v2\/categories?post=1478"},{"taxonomy":"post_tag","embeddable":true,"href":"http:\/\/www.semlh-morbihan.fr\/wordpress\/wp-json\/wp\/v2\/tags?post=1478"}],"curies":[{"name":"wp","href":"https:\/\/api.w.org\/{rel}","templated":true}]}}