{"id":1554,"date":"2010-08-02T15:51:38","date_gmt":"2010-08-02T13:51:38","guid":{"rendered":"http:\/\/www.semlh-morbihan.fr\/wordpress\/2010\/08\/02\/journee-de-reflexion-a-labbaye-de-kergonan-le-mercredi-22-septembre-2010\/"},"modified":"2020-07-07T15:46:39","modified_gmt":"2020-07-07T13:46:39","slug":"journee-de-reflexion-a-labbaye-de-kergonan-le-mercredi-22-septembre-2010","status":"publish","type":"post","link":"http:\/\/www.semlh-morbihan.fr\/wordpress\/2010\/08\/02\/journee-de-reflexion-a-labbaye-de-kergonan-le-mercredi-22-septembre-2010\/","title":{"rendered":"Journ\u00e9e de r\u00e9flexion \u00e0 l&rsquo;abbaye de Kergonan le mercredi 22 septembre 2010"},"content":{"rendered":"Vous devez \u00eatre connect\u00e9 pour voir ce contenu.","protected":false},"excerpt":{"rendered":"Vous devez \u00eatre connect\u00e9 pour voir ce contenu.","protected":false},"author":329,"featured_media":0,"comment_status":"open","ping_status":"open","sticky":false,"template":"","format":"standard","meta":{"footnotes":""},"categories":[348,342],"tags":[],"class_list":["post-1554","post","type-post","status-publish","format-standard","hentry","category-actualites","category-comite-du-pays-dauray","wpcat-348-id","wpcat-342-id"],"_links":{"self":[{"href":"http:\/\/www.semlh-morbihan.fr\/wordpress\/wp-json\/wp\/v2\/posts\/1554","targetHints":{"allow":["GET"]}}],"collection":[{"href":"http:\/\/www.semlh-morbihan.fr\/wordpress\/wp-json\/wp\/v2\/posts"}],"about":[{"href":"http:\/\/www.semlh-morbihan.fr\/wordpress\/wp-json\/wp\/v2\/types\/post"}],"author":[{"embeddable":true,"href":"http:\/\/www.semlh-morbihan.fr\/wordpress\/wp-json\/wp\/v2\/users\/329"}],"replies":[{"embeddable":true,"href":"http:\/\/www.semlh-morbihan.fr\/wordpress\/wp-json\/wp\/v2\/comments?post=1554"}],"version-history":[{"count":0,"href":"http:\/\/www.semlh-morbihan.fr\/wordpress\/wp-json\/wp\/v2\/posts\/1554\/revisions"}],"wp:attachment":[{"href":"http:\/\/www.semlh-morbihan.fr\/wordpress\/wp-json\/wp\/v2\/media?parent=1554"}],"wp:term":[{"taxonomy":"category","embeddable":true,"href":"http:\/\/www.semlh-morbihan.fr\/wordpress\/wp-json\/wp\/v2\/categories?post=1554"},{"taxonomy":"post_tag","embeddable":true,"href":"http:\/\/www.semlh-morbihan.fr\/wordpress\/wp-json\/wp\/v2\/tags?post=1554"}],"curies":[{"name":"wp","href":"https:\/\/api.w.org\/{rel}","templated":true}]}}