{"id":1590,"date":"2010-12-31T20:12:01","date_gmt":"2010-12-31T19:12:01","guid":{"rendered":"http:\/\/www.semlh-morbihan.fr\/wordpress\/2010\/12\/31\/convocation-a-lassemblee-generale-extraordinaire-2011-la-lettre-du-president-national\/"},"modified":"2020-07-07T18:49:49","modified_gmt":"2020-07-07T16:49:49","slug":"convocation-a-lassemblee-generale-extraordinaire-2011-la-lettre-du-president-national","status":"publish","type":"post","link":"http:\/\/www.semlh-morbihan.fr\/wordpress\/2010\/12\/31\/convocation-a-lassemblee-generale-extraordinaire-2011-la-lettre-du-president-national\/","title":{"rendered":"Convocation \u00e0 l&rsquo;assembl\u00e9e g\u00e9n\u00e9rale extraordinaire 2011 : la lettre du pr\u00e9sident national"},"content":{"rendered":"Vous devez \u00eatre connect\u00e9 pour voir ce contenu.","protected":false},"excerpt":{"rendered":"Vous devez \u00eatre connect\u00e9 pour voir ce contenu.","protected":false},"author":329,"featured_media":0,"comment_status":"open","ping_status":"open","sticky":false,"template":"","format":"standard","meta":{"footnotes":""},"categories":[384,337],"tags":[],"class_list":["post-1590","post","type-post","status-publish","format-standard","hentry","category-actualites-la-section","category-la-section","wpcat-384-id","wpcat-337-id"],"_links":{"self":[{"href":"http:\/\/www.semlh-morbihan.fr\/wordpress\/wp-json\/wp\/v2\/posts\/1590","targetHints":{"allow":["GET"]}}],"collection":[{"href":"http:\/\/www.semlh-morbihan.fr\/wordpress\/wp-json\/wp\/v2\/posts"}],"about":[{"href":"http:\/\/www.semlh-morbihan.fr\/wordpress\/wp-json\/wp\/v2\/types\/post"}],"author":[{"embeddable":true,"href":"http:\/\/www.semlh-morbihan.fr\/wordpress\/wp-json\/wp\/v2\/users\/329"}],"replies":[{"embeddable":true,"href":"http:\/\/www.semlh-morbihan.fr\/wordpress\/wp-json\/wp\/v2\/comments?post=1590"}],"version-history":[{"count":0,"href":"http:\/\/www.semlh-morbihan.fr\/wordpress\/wp-json\/wp\/v2\/posts\/1590\/revisions"}],"wp:attachment":[{"href":"http:\/\/www.semlh-morbihan.fr\/wordpress\/wp-json\/wp\/v2\/media?parent=1590"}],"wp:term":[{"taxonomy":"category","embeddable":true,"href":"http:\/\/www.semlh-morbihan.fr\/wordpress\/wp-json\/wp\/v2\/categories?post=1590"},{"taxonomy":"post_tag","embeddable":true,"href":"http:\/\/www.semlh-morbihan.fr\/wordpress\/wp-json\/wp\/v2\/tags?post=1590"}],"curies":[{"name":"wp","href":"https:\/\/api.w.org\/{rel}","templated":true}]}}