{"id":1701,"date":"2011-11-15T15:58:49","date_gmt":"2011-11-15T14:58:49","guid":{"rendered":"http:\/\/www.semlh-morbihan.fr\/wordpress\/2011\/11\/15\/ag-du-comite-de-vannes-le-13-octobre-2011-a-ploeren\/"},"modified":"2020-07-07T18:27:10","modified_gmt":"2020-07-07T16:27:10","slug":"ag-du-comite-de-vannes-le-13-octobre-2011-a-ploeren","status":"publish","type":"post","link":"http:\/\/www.semlh-morbihan.fr\/wordpress\/2011\/11\/15\/ag-du-comite-de-vannes-le-13-octobre-2011-a-ploeren\/","title":{"rendered":"AG du comit\u00e9 de Vannes le 13 octobre 2011 \u00e0 Ploeren"},"content":{"rendered":"Vous devez \u00eatre connect\u00e9 pour voir ce contenu.","protected":false},"excerpt":{"rendered":"Vous devez \u00eatre connect\u00e9 pour voir ce contenu.","protected":false},"author":329,"featured_media":0,"comment_status":"open","ping_status":"open","sticky":false,"template":"","format":"standard","meta":{"footnotes":""},"categories":[350,346],"tags":[],"class_list":["post-1701","post","type-post","status-publish","format-standard","hentry","category-actualites-comite-du-pays-de-vannes","category-comite-du-pays-de-vannes","wpcat-350-id","wpcat-346-id"],"_links":{"self":[{"href":"http:\/\/www.semlh-morbihan.fr\/wordpress\/wp-json\/wp\/v2\/posts\/1701","targetHints":{"allow":["GET"]}}],"collection":[{"href":"http:\/\/www.semlh-morbihan.fr\/wordpress\/wp-json\/wp\/v2\/posts"}],"about":[{"href":"http:\/\/www.semlh-morbihan.fr\/wordpress\/wp-json\/wp\/v2\/types\/post"}],"author":[{"embeddable":true,"href":"http:\/\/www.semlh-morbihan.fr\/wordpress\/wp-json\/wp\/v2\/users\/329"}],"replies":[{"embeddable":true,"href":"http:\/\/www.semlh-morbihan.fr\/wordpress\/wp-json\/wp\/v2\/comments?post=1701"}],"version-history":[{"count":0,"href":"http:\/\/www.semlh-morbihan.fr\/wordpress\/wp-json\/wp\/v2\/posts\/1701\/revisions"}],"wp:attachment":[{"href":"http:\/\/www.semlh-morbihan.fr\/wordpress\/wp-json\/wp\/v2\/media?parent=1701"}],"wp:term":[{"taxonomy":"category","embeddable":true,"href":"http:\/\/www.semlh-morbihan.fr\/wordpress\/wp-json\/wp\/v2\/categories?post=1701"},{"taxonomy":"post_tag","embeddable":true,"href":"http:\/\/www.semlh-morbihan.fr\/wordpress\/wp-json\/wp\/v2\/tags?post=1701"}],"curies":[{"name":"wp","href":"https:\/\/api.w.org\/{rel}","templated":true}]}}