{"id":1763,"date":"2012-03-26T20:27:56","date_gmt":"2012-03-26T18:27:56","guid":{"rendered":"http:\/\/www.semlh-morbihan.fr\/wordpress\/2012\/03\/26\/lassemblee-generale-de-la-section-s-e-m-l-h-du-morbihan-le-samedi-24-mars-2012\/"},"modified":"2020-07-08T11:35:02","modified_gmt":"2020-07-08T09:35:02","slug":"lassemblee-generale-de-la-section-s-e-m-l-h-du-morbihan-le-samedi-24-mars-2012","status":"publish","type":"post","link":"http:\/\/www.semlh-morbihan.fr\/wordpress\/2012\/03\/26\/lassemblee-generale-de-la-section-s-e-m-l-h-du-morbihan-le-samedi-24-mars-2012\/","title":{"rendered":"L&rsquo;assembl\u00e9e g\u00e9n\u00e9rale de la section S.E.M.L.H du Morbihan le samedi 24 mars 2012"},"content":{"rendered":"Vous devez \u00eatre connect\u00e9 pour voir ce contenu.","protected":false},"excerpt":{"rendered":"Vous devez \u00eatre connect\u00e9 pour voir ce contenu.","protected":false},"author":329,"featured_media":0,"comment_status":"open","ping_status":"open","sticky":false,"template":"","format":"standard","meta":{"footnotes":""},"categories":[337,351],"tags":[],"class_list":["post-1763","post","type-post","status-publish","format-standard","hentry","category-la-section","category-manifestations-diverses","wpcat-337-id","wpcat-351-id"],"_links":{"self":[{"href":"http:\/\/www.semlh-morbihan.fr\/wordpress\/wp-json\/wp\/v2\/posts\/1763","targetHints":{"allow":["GET"]}}],"collection":[{"href":"http:\/\/www.semlh-morbihan.fr\/wordpress\/wp-json\/wp\/v2\/posts"}],"about":[{"href":"http:\/\/www.semlh-morbihan.fr\/wordpress\/wp-json\/wp\/v2\/types\/post"}],"author":[{"embeddable":true,"href":"http:\/\/www.semlh-morbihan.fr\/wordpress\/wp-json\/wp\/v2\/users\/329"}],"replies":[{"embeddable":true,"href":"http:\/\/www.semlh-morbihan.fr\/wordpress\/wp-json\/wp\/v2\/comments?post=1763"}],"version-history":[{"count":0,"href":"http:\/\/www.semlh-morbihan.fr\/wordpress\/wp-json\/wp\/v2\/posts\/1763\/revisions"}],"wp:attachment":[{"href":"http:\/\/www.semlh-morbihan.fr\/wordpress\/wp-json\/wp\/v2\/media?parent=1763"}],"wp:term":[{"taxonomy":"category","embeddable":true,"href":"http:\/\/www.semlh-morbihan.fr\/wordpress\/wp-json\/wp\/v2\/categories?post=1763"},{"taxonomy":"post_tag","embeddable":true,"href":"http:\/\/www.semlh-morbihan.fr\/wordpress\/wp-json\/wp\/v2\/tags?post=1763"}],"curies":[{"name":"wp","href":"https:\/\/api.w.org\/{rel}","templated":true}]}}