{"id":1783,"date":"2012-03-26T20:19:27","date_gmt":"2012-03-26T18:19:27","guid":{"rendered":"http:\/\/www.semlh-morbihan.fr\/wordpress\/2012\/03\/26\/reportage-photos-de-lag-de-la-section-s-e-m-l-h-du-morbihan\/"},"modified":"2020-07-08T11:36:07","modified_gmt":"2020-07-08T09:36:07","slug":"reportage-photos-de-lag-de-la-section-s-e-m-l-h-du-morbihan","status":"publish","type":"post","link":"http:\/\/www.semlh-morbihan.fr\/wordpress\/2012\/03\/26\/reportage-photos-de-lag-de-la-section-s-e-m-l-h-du-morbihan\/","title":{"rendered":"Reportage photos de l&rsquo;AG de la section S.E.M.L.H du Morbihan"},"content":{"rendered":"Vous devez \u00eatre connect\u00e9 pour voir ce contenu.","protected":false},"excerpt":{"rendered":"Vous devez \u00eatre connect\u00e9 pour voir ce contenu.","protected":false},"author":329,"featured_media":0,"comment_status":"open","ping_status":"open","sticky":false,"template":"","format":"standard","meta":{"footnotes":""},"categories":[337,351],"tags":[],"class_list":["post-1783","post","type-post","status-publish","format-standard","hentry","category-la-section","category-manifestations-diverses","wpcat-337-id","wpcat-351-id"],"_links":{"self":[{"href":"http:\/\/www.semlh-morbihan.fr\/wordpress\/wp-json\/wp\/v2\/posts\/1783","targetHints":{"allow":["GET"]}}],"collection":[{"href":"http:\/\/www.semlh-morbihan.fr\/wordpress\/wp-json\/wp\/v2\/posts"}],"about":[{"href":"http:\/\/www.semlh-morbihan.fr\/wordpress\/wp-json\/wp\/v2\/types\/post"}],"author":[{"embeddable":true,"href":"http:\/\/www.semlh-morbihan.fr\/wordpress\/wp-json\/wp\/v2\/users\/329"}],"replies":[{"embeddable":true,"href":"http:\/\/www.semlh-morbihan.fr\/wordpress\/wp-json\/wp\/v2\/comments?post=1783"}],"version-history":[{"count":1,"href":"http:\/\/www.semlh-morbihan.fr\/wordpress\/wp-json\/wp\/v2\/posts\/1783\/revisions"}],"predecessor-version":[{"id":4594,"href":"http:\/\/www.semlh-morbihan.fr\/wordpress\/wp-json\/wp\/v2\/posts\/1783\/revisions\/4594"}],"wp:attachment":[{"href":"http:\/\/www.semlh-morbihan.fr\/wordpress\/wp-json\/wp\/v2\/media?parent=1783"}],"wp:term":[{"taxonomy":"category","embeddable":true,"href":"http:\/\/www.semlh-morbihan.fr\/wordpress\/wp-json\/wp\/v2\/categories?post=1783"},{"taxonomy":"post_tag","embeddable":true,"href":"http:\/\/www.semlh-morbihan.fr\/wordpress\/wp-json\/wp\/v2\/tags?post=1783"}],"curies":[{"name":"wp","href":"https:\/\/api.w.org\/{rel}","templated":true}]}}