{"id":1887,"date":"2012-09-07T20:52:58","date_gmt":"2012-09-07T18:52:58","guid":{"rendered":"http:\/\/www.semlh-morbihan.fr\/wordpress\/2012\/09\/07\/deplacement-de-la-stele-du-colonel-brunet-de-la-ba-de-bretigny-au-monument-aux-morts-de-quiberon-le-29-septembre-16h45\/"},"modified":"2020-07-08T11:39:22","modified_gmt":"2020-07-08T09:39:22","slug":"deplacement-de-la-stele-du-colonel-brunet-de-la-ba-de-bretigny-au-monument-aux-morts-de-quiberon-le-29-septembre-16h45","status":"publish","type":"post","link":"http:\/\/www.semlh-morbihan.fr\/wordpress\/2012\/09\/07\/deplacement-de-la-stele-du-colonel-brunet-de-la-ba-de-bretigny-au-monument-aux-morts-de-quiberon-le-29-septembre-16h45\/","title":{"rendered":"D\u00e9placement de la st\u00e8le du colonel BRUNET de la BA de Br\u00e9tigny au monument aux morts de Quiberon le 29 septembre &#8211; 16h45"},"content":{"rendered":"Vous devez \u00eatre connect\u00e9 pour voir ce contenu.","protected":false},"excerpt":{"rendered":"Vous devez \u00eatre connect\u00e9 pour voir ce contenu.","protected":false},"author":329,"featured_media":0,"comment_status":"open","ping_status":"open","sticky":false,"template":"","format":"standard","meta":{"footnotes":""},"categories":[495,342],"tags":[],"class_list":["post-1887","post","type-post","status-publish","format-standard","hentry","category-ceremonies-comite-du-pays-dauray","category-comite-du-pays-dauray","wpcat-495-id","wpcat-342-id"],"_links":{"self":[{"href":"http:\/\/www.semlh-morbihan.fr\/wordpress\/wp-json\/wp\/v2\/posts\/1887","targetHints":{"allow":["GET"]}}],"collection":[{"href":"http:\/\/www.semlh-morbihan.fr\/wordpress\/wp-json\/wp\/v2\/posts"}],"about":[{"href":"http:\/\/www.semlh-morbihan.fr\/wordpress\/wp-json\/wp\/v2\/types\/post"}],"author":[{"embeddable":true,"href":"http:\/\/www.semlh-morbihan.fr\/wordpress\/wp-json\/wp\/v2\/users\/329"}],"replies":[{"embeddable":true,"href":"http:\/\/www.semlh-morbihan.fr\/wordpress\/wp-json\/wp\/v2\/comments?post=1887"}],"version-history":[{"count":1,"href":"http:\/\/www.semlh-morbihan.fr\/wordpress\/wp-json\/wp\/v2\/posts\/1887\/revisions"}],"predecessor-version":[{"id":4568,"href":"http:\/\/www.semlh-morbihan.fr\/wordpress\/wp-json\/wp\/v2\/posts\/1887\/revisions\/4568"}],"wp:attachment":[{"href":"http:\/\/www.semlh-morbihan.fr\/wordpress\/wp-json\/wp\/v2\/media?parent=1887"}],"wp:term":[{"taxonomy":"category","embeddable":true,"href":"http:\/\/www.semlh-morbihan.fr\/wordpress\/wp-json\/wp\/v2\/categories?post=1887"},{"taxonomy":"post_tag","embeddable":true,"href":"http:\/\/www.semlh-morbihan.fr\/wordpress\/wp-json\/wp\/v2\/tags?post=1887"}],"curies":[{"name":"wp","href":"https:\/\/api.w.org\/{rel}","templated":true}]}}