{"id":1932,"date":"2012-11-27T18:36:08","date_gmt":"2012-11-27T17:36:08","guid":{"rendered":"http:\/\/www.semlh-morbihan.fr\/wordpress\/2012\/11\/27\/deces-de-monsieur-le-gallo-pierre-dauray-le-16-novembre-2012\/"},"modified":"2012-11-27T18:36:08","modified_gmt":"2012-11-27T17:36:08","slug":"deces-de-monsieur-le-gallo-pierre-dauray-le-16-novembre-2012","status":"publish","type":"post","link":"http:\/\/www.semlh-morbihan.fr\/wordpress\/2012\/11\/27\/deces-de-monsieur-le-gallo-pierre-dauray-le-16-novembre-2012\/","title":{"rendered":"D\u00e9c\u00e8s de monsieur LE GALLO Pierre d&rsquo;Auray le 16 novembre 2012"},"content":{"rendered":"Vous devez \u00eatre connect\u00e9 pour voir ce contenu.","protected":false},"excerpt":{"rendered":"Vous devez \u00eatre connect\u00e9 pour voir ce contenu.","protected":false},"author":329,"featured_media":0,"comment_status":"open","ping_status":"open","sticky":false,"template":"","format":"standard","meta":{"footnotes":""},"categories":[403],"tags":[],"class_list":["post-1932","post","type-post","status-publish","format-standard","hentry","category-les-deces-comite-du-pays-dauray","wpcat-403-id"],"_links":{"self":[{"href":"http:\/\/www.semlh-morbihan.fr\/wordpress\/wp-json\/wp\/v2\/posts\/1932","targetHints":{"allow":["GET"]}}],"collection":[{"href":"http:\/\/www.semlh-morbihan.fr\/wordpress\/wp-json\/wp\/v2\/posts"}],"about":[{"href":"http:\/\/www.semlh-morbihan.fr\/wordpress\/wp-json\/wp\/v2\/types\/post"}],"author":[{"embeddable":true,"href":"http:\/\/www.semlh-morbihan.fr\/wordpress\/wp-json\/wp\/v2\/users\/329"}],"replies":[{"embeddable":true,"href":"http:\/\/www.semlh-morbihan.fr\/wordpress\/wp-json\/wp\/v2\/comments?post=1932"}],"version-history":[{"count":0,"href":"http:\/\/www.semlh-morbihan.fr\/wordpress\/wp-json\/wp\/v2\/posts\/1932\/revisions"}],"wp:attachment":[{"href":"http:\/\/www.semlh-morbihan.fr\/wordpress\/wp-json\/wp\/v2\/media?parent=1932"}],"wp:term":[{"taxonomy":"category","embeddable":true,"href":"http:\/\/www.semlh-morbihan.fr\/wordpress\/wp-json\/wp\/v2\/categories?post=1932"},{"taxonomy":"post_tag","embeddable":true,"href":"http:\/\/www.semlh-morbihan.fr\/wordpress\/wp-json\/wp\/v2\/tags?post=1932"}],"curies":[{"name":"wp","href":"https:\/\/api.w.org\/{rel}","templated":true}]}}