{"id":2063,"date":"2013-10-17T17:00:00","date_gmt":"2013-10-17T15:00:00","guid":{"rendered":"http:\/\/www.semlh-morbihan.fr\/wordpress\/2013\/10\/17\/conference-de-la-journee-de-recollection-a-labbaye-de-kergonan-le-mercredi-18-septembre-2013\/"},"modified":"2013-10-17T17:00:00","modified_gmt":"2013-10-17T15:00:00","slug":"conference-de-la-journee-de-recollection-a-labbaye-de-kergonan-le-mercredi-18-septembre-2013","status":"publish","type":"post","link":"http:\/\/www.semlh-morbihan.fr\/wordpress\/2013\/10\/17\/conference-de-la-journee-de-recollection-a-labbaye-de-kergonan-le-mercredi-18-septembre-2013\/","title":{"rendered":"Conf\u00e9rence de la journ\u00e9e de r\u00e9collection \u00e0 l&rsquo;abbaye de Kergonan le mercredi 18 septembre 2013"},"content":{"rendered":"Vous devez \u00eatre connect\u00e9 pour voir ce contenu.","protected":false},"excerpt":{"rendered":"Vous devez \u00eatre connect\u00e9 pour voir ce contenu.","protected":false},"author":329,"featured_media":0,"comment_status":"open","ping_status":"open","sticky":false,"template":"","format":"standard","meta":{"footnotes":""},"categories":[348],"tags":[],"class_list":["post-2063","post","type-post","status-publish","format-standard","hentry","category-actualites","wpcat-348-id"],"_links":{"self":[{"href":"http:\/\/www.semlh-morbihan.fr\/wordpress\/wp-json\/wp\/v2\/posts\/2063","targetHints":{"allow":["GET"]}}],"collection":[{"href":"http:\/\/www.semlh-morbihan.fr\/wordpress\/wp-json\/wp\/v2\/posts"}],"about":[{"href":"http:\/\/www.semlh-morbihan.fr\/wordpress\/wp-json\/wp\/v2\/types\/post"}],"author":[{"embeddable":true,"href":"http:\/\/www.semlh-morbihan.fr\/wordpress\/wp-json\/wp\/v2\/users\/329"}],"replies":[{"embeddable":true,"href":"http:\/\/www.semlh-morbihan.fr\/wordpress\/wp-json\/wp\/v2\/comments?post=2063"}],"version-history":[{"count":0,"href":"http:\/\/www.semlh-morbihan.fr\/wordpress\/wp-json\/wp\/v2\/posts\/2063\/revisions"}],"wp:attachment":[{"href":"http:\/\/www.semlh-morbihan.fr\/wordpress\/wp-json\/wp\/v2\/media?parent=2063"}],"wp:term":[{"taxonomy":"category","embeddable":true,"href":"http:\/\/www.semlh-morbihan.fr\/wordpress\/wp-json\/wp\/v2\/categories?post=2063"},{"taxonomy":"post_tag","embeddable":true,"href":"http:\/\/www.semlh-morbihan.fr\/wordpress\/wp-json\/wp\/v2\/tags?post=2063"}],"curies":[{"name":"wp","href":"https:\/\/api.w.org\/{rel}","templated":true}]}}