{"id":2104,"date":"2013-12-11T18:25:52","date_gmt":"2013-12-11T17:25:52","guid":{"rendered":"http:\/\/www.semlh-morbihan.fr\/wordpress\/2013\/12\/11\/le-29-juin-2013-hommage-a-jean-moulin\/"},"modified":"2020-07-08T11:51:19","modified_gmt":"2020-07-08T09:51:19","slug":"le-29-juin-2013-hommage-a-jean-moulin","status":"publish","type":"post","link":"http:\/\/www.semlh-morbihan.fr\/wordpress\/2013\/12\/11\/le-29-juin-2013-hommage-a-jean-moulin\/","title":{"rendered":"le 29 juin 2013, hommage \u00e0 Jean Moulin"},"content":{"rendered":"Vous devez \u00eatre connect\u00e9 pour voir ce contenu.","protected":false},"excerpt":{"rendered":"Vous devez \u00eatre connect\u00e9 pour voir ce contenu.","protected":false},"author":329,"featured_media":0,"comment_status":"open","ping_status":"open","sticky":false,"template":"","format":"standard","meta":{"footnotes":""},"categories":[417,337],"tags":[],"class_list":["post-2104","post","type-post","status-publish","format-standard","hentry","category-ceremonies-patriotiques","category-la-section","wpcat-417-id","wpcat-337-id"],"_links":{"self":[{"href":"http:\/\/www.semlh-morbihan.fr\/wordpress\/wp-json\/wp\/v2\/posts\/2104","targetHints":{"allow":["GET"]}}],"collection":[{"href":"http:\/\/www.semlh-morbihan.fr\/wordpress\/wp-json\/wp\/v2\/posts"}],"about":[{"href":"http:\/\/www.semlh-morbihan.fr\/wordpress\/wp-json\/wp\/v2\/types\/post"}],"author":[{"embeddable":true,"href":"http:\/\/www.semlh-morbihan.fr\/wordpress\/wp-json\/wp\/v2\/users\/329"}],"replies":[{"embeddable":true,"href":"http:\/\/www.semlh-morbihan.fr\/wordpress\/wp-json\/wp\/v2\/comments?post=2104"}],"version-history":[{"count":1,"href":"http:\/\/www.semlh-morbihan.fr\/wordpress\/wp-json\/wp\/v2\/posts\/2104\/revisions"}],"predecessor-version":[{"id":4611,"href":"http:\/\/www.semlh-morbihan.fr\/wordpress\/wp-json\/wp\/v2\/posts\/2104\/revisions\/4611"}],"wp:attachment":[{"href":"http:\/\/www.semlh-morbihan.fr\/wordpress\/wp-json\/wp\/v2\/media?parent=2104"}],"wp:term":[{"taxonomy":"category","embeddable":true,"href":"http:\/\/www.semlh-morbihan.fr\/wordpress\/wp-json\/wp\/v2\/categories?post=2104"},{"taxonomy":"post_tag","embeddable":true,"href":"http:\/\/www.semlh-morbihan.fr\/wordpress\/wp-json\/wp\/v2\/tags?post=2104"}],"curies":[{"name":"wp","href":"https:\/\/api.w.org\/{rel}","templated":true}]}}