{"id":2106,"date":"2013-12-11T18:31:08","date_gmt":"2013-12-11T17:31:08","guid":{"rendered":"http:\/\/www.semlh-morbihan.fr\/wordpress\/2013\/12\/11\/le-30-septembre-a-theix-inauguration-de-lexposition-de-lonac\/"},"modified":"2020-07-08T11:50:45","modified_gmt":"2020-07-08T09:50:45","slug":"le-30-septembre-a-theix-inauguration-de-lexposition-de-lonac","status":"publish","type":"post","link":"http:\/\/www.semlh-morbihan.fr\/wordpress\/2013\/12\/11\/le-30-septembre-a-theix-inauguration-de-lexposition-de-lonac\/","title":{"rendered":"le 30 septembre \u00e0 Theix, inauguration de l&rsquo;exposition de l&rsquo;ONAC"},"content":{"rendered":"Vous devez \u00eatre connect\u00e9 pour voir ce contenu.","protected":false},"excerpt":{"rendered":"Vous devez \u00eatre connect\u00e9 pour voir ce contenu.","protected":false},"author":329,"featured_media":0,"comment_status":"open","ping_status":"open","sticky":false,"template":"","format":"standard","meta":{"footnotes":""},"categories":[337,351],"tags":[],"class_list":["post-2106","post","type-post","status-publish","format-standard","hentry","category-la-section","category-manifestations-diverses","wpcat-337-id","wpcat-351-id"],"_links":{"self":[{"href":"http:\/\/www.semlh-morbihan.fr\/wordpress\/wp-json\/wp\/v2\/posts\/2106","targetHints":{"allow":["GET"]}}],"collection":[{"href":"http:\/\/www.semlh-morbihan.fr\/wordpress\/wp-json\/wp\/v2\/posts"}],"about":[{"href":"http:\/\/www.semlh-morbihan.fr\/wordpress\/wp-json\/wp\/v2\/types\/post"}],"author":[{"embeddable":true,"href":"http:\/\/www.semlh-morbihan.fr\/wordpress\/wp-json\/wp\/v2\/users\/329"}],"replies":[{"embeddable":true,"href":"http:\/\/www.semlh-morbihan.fr\/wordpress\/wp-json\/wp\/v2\/comments?post=2106"}],"version-history":[{"count":1,"href":"http:\/\/www.semlh-morbihan.fr\/wordpress\/wp-json\/wp\/v2\/posts\/2106\/revisions"}],"predecessor-version":[{"id":4609,"href":"http:\/\/www.semlh-morbihan.fr\/wordpress\/wp-json\/wp\/v2\/posts\/2106\/revisions\/4609"}],"wp:attachment":[{"href":"http:\/\/www.semlh-morbihan.fr\/wordpress\/wp-json\/wp\/v2\/media?parent=2106"}],"wp:term":[{"taxonomy":"category","embeddable":true,"href":"http:\/\/www.semlh-morbihan.fr\/wordpress\/wp-json\/wp\/v2\/categories?post=2106"},{"taxonomy":"post_tag","embeddable":true,"href":"http:\/\/www.semlh-morbihan.fr\/wordpress\/wp-json\/wp\/v2\/tags?post=2106"}],"curies":[{"name":"wp","href":"https:\/\/api.w.org\/{rel}","templated":true}]}}