{"id":2113,"date":"2013-12-11T18:59:24","date_gmt":"2013-12-11T17:59:24","guid":{"rendered":"http:\/\/www.semlh-morbihan.fr\/wordpress\/2013\/12\/11\/hommage-aux-resistants-fusilles-du-fort-de-penthievre-le-13-juillet-2013\/"},"modified":"2020-07-08T11:46:34","modified_gmt":"2020-07-08T09:46:34","slug":"hommage-aux-resistants-fusilles-du-fort-de-penthievre-le-13-juillet-2013","status":"publish","type":"post","link":"http:\/\/www.semlh-morbihan.fr\/wordpress\/2013\/12\/11\/hommage-aux-resistants-fusilles-du-fort-de-penthievre-le-13-juillet-2013\/","title":{"rendered":"Hommage aux r\u00e9sistants fusill\u00e9s du Fort de Penthi\u00e8vre, le 13 juillet 2013."},"content":{"rendered":"Vous devez \u00eatre connect\u00e9 pour voir ce contenu.","protected":false},"excerpt":{"rendered":"Vous devez \u00eatre connect\u00e9 pour voir ce contenu.","protected":false},"author":329,"featured_media":0,"comment_status":"open","ping_status":"open","sticky":false,"template":"","format":"standard","meta":{"footnotes":""},"categories":[495],"tags":[],"class_list":["post-2113","post","type-post","status-publish","format-standard","hentry","category-ceremonies-comite-du-pays-dauray","wpcat-495-id"],"_links":{"self":[{"href":"http:\/\/www.semlh-morbihan.fr\/wordpress\/wp-json\/wp\/v2\/posts\/2113","targetHints":{"allow":["GET"]}}],"collection":[{"href":"http:\/\/www.semlh-morbihan.fr\/wordpress\/wp-json\/wp\/v2\/posts"}],"about":[{"href":"http:\/\/www.semlh-morbihan.fr\/wordpress\/wp-json\/wp\/v2\/types\/post"}],"author":[{"embeddable":true,"href":"http:\/\/www.semlh-morbihan.fr\/wordpress\/wp-json\/wp\/v2\/users\/329"}],"replies":[{"embeddable":true,"href":"http:\/\/www.semlh-morbihan.fr\/wordpress\/wp-json\/wp\/v2\/comments?post=2113"}],"version-history":[{"count":1,"href":"http:\/\/www.semlh-morbihan.fr\/wordpress\/wp-json\/wp\/v2\/posts\/2113\/revisions"}],"predecessor-version":[{"id":4607,"href":"http:\/\/www.semlh-morbihan.fr\/wordpress\/wp-json\/wp\/v2\/posts\/2113\/revisions\/4607"}],"wp:attachment":[{"href":"http:\/\/www.semlh-morbihan.fr\/wordpress\/wp-json\/wp\/v2\/media?parent=2113"}],"wp:term":[{"taxonomy":"category","embeddable":true,"href":"http:\/\/www.semlh-morbihan.fr\/wordpress\/wp-json\/wp\/v2\/categories?post=2113"},{"taxonomy":"post_tag","embeddable":true,"href":"http:\/\/www.semlh-morbihan.fr\/wordpress\/wp-json\/wp\/v2\/tags?post=2113"}],"curies":[{"name":"wp","href":"https:\/\/api.w.org\/{rel}","templated":true}]}}