{"id":2141,"date":"2014-01-25T18:35:35","date_gmt":"2014-01-25T17:35:35","guid":{"rendered":"http:\/\/www.semlh-morbihan.fr\/wordpress\/2014\/01\/25\/deces-de-m-marcel-riveau-ancien-commando-kieffer\/"},"modified":"2014-01-25T18:35:35","modified_gmt":"2014-01-25T17:35:35","slug":"deces-de-m-marcel-riveau-ancien-commando-kieffer","status":"publish","type":"post","link":"http:\/\/www.semlh-morbihan.fr\/wordpress\/2014\/01\/25\/deces-de-m-marcel-riveau-ancien-commando-kieffer\/","title":{"rendered":"D\u00e9c\u00e8s de M. Marcel RIVEAU, ancien commando Kieffer"},"content":{"rendered":"Vous devez \u00eatre connect\u00e9 pour voir ce contenu.","protected":false},"excerpt":{"rendered":"Vous devez \u00eatre connect\u00e9 pour voir ce contenu.","protected":false},"author":329,"featured_media":0,"comment_status":"open","ping_status":"open","sticky":false,"template":"","format":"standard","meta":{"footnotes":""},"categories":[403],"tags":[],"class_list":["post-2141","post","type-post","status-publish","format-standard","hentry","category-les-deces-comite-du-pays-dauray","wpcat-403-id"],"_links":{"self":[{"href":"http:\/\/www.semlh-morbihan.fr\/wordpress\/wp-json\/wp\/v2\/posts\/2141","targetHints":{"allow":["GET"]}}],"collection":[{"href":"http:\/\/www.semlh-morbihan.fr\/wordpress\/wp-json\/wp\/v2\/posts"}],"about":[{"href":"http:\/\/www.semlh-morbihan.fr\/wordpress\/wp-json\/wp\/v2\/types\/post"}],"author":[{"embeddable":true,"href":"http:\/\/www.semlh-morbihan.fr\/wordpress\/wp-json\/wp\/v2\/users\/329"}],"replies":[{"embeddable":true,"href":"http:\/\/www.semlh-morbihan.fr\/wordpress\/wp-json\/wp\/v2\/comments?post=2141"}],"version-history":[{"count":0,"href":"http:\/\/www.semlh-morbihan.fr\/wordpress\/wp-json\/wp\/v2\/posts\/2141\/revisions"}],"wp:attachment":[{"href":"http:\/\/www.semlh-morbihan.fr\/wordpress\/wp-json\/wp\/v2\/media?parent=2141"}],"wp:term":[{"taxonomy":"category","embeddable":true,"href":"http:\/\/www.semlh-morbihan.fr\/wordpress\/wp-json\/wp\/v2\/categories?post=2141"},{"taxonomy":"post_tag","embeddable":true,"href":"http:\/\/www.semlh-morbihan.fr\/wordpress\/wp-json\/wp\/v2\/tags?post=2141"}],"curies":[{"name":"wp","href":"https:\/\/api.w.org\/{rel}","templated":true}]}}