{"id":2237,"date":"2014-07-18T19:17:50","date_gmt":"2014-07-18T17:17:50","guid":{"rendered":"http:\/\/www.semlh-morbihan.fr\/wordpress\/2014\/07\/18\/ceremonie-du-souvenir-a-penthievre-le-13-juillet-2014\/"},"modified":"2014-07-18T19:17:50","modified_gmt":"2014-07-18T17:17:50","slug":"ceremonie-du-souvenir-a-penthievre-le-13-juillet-2014","status":"publish","type":"post","link":"http:\/\/www.semlh-morbihan.fr\/wordpress\/2014\/07\/18\/ceremonie-du-souvenir-a-penthievre-le-13-juillet-2014\/","title":{"rendered":"c\u00e9r\u00e9monie du souvenir \u00e0 Penthi\u00e8vre le 13 juillet 2014"},"content":{"rendered":"Vous devez \u00eatre connect\u00e9 pour voir ce contenu.","protected":false},"excerpt":{"rendered":"Vous devez \u00eatre connect\u00e9 pour voir ce contenu.","protected":false},"author":329,"featured_media":0,"comment_status":"open","ping_status":"open","sticky":false,"template":"","format":"standard","meta":{"footnotes":""},"categories":[348],"tags":[],"class_list":["post-2237","post","type-post","status-publish","format-standard","hentry","category-actualites","wpcat-348-id"],"_links":{"self":[{"href":"http:\/\/www.semlh-morbihan.fr\/wordpress\/wp-json\/wp\/v2\/posts\/2237","targetHints":{"allow":["GET"]}}],"collection":[{"href":"http:\/\/www.semlh-morbihan.fr\/wordpress\/wp-json\/wp\/v2\/posts"}],"about":[{"href":"http:\/\/www.semlh-morbihan.fr\/wordpress\/wp-json\/wp\/v2\/types\/post"}],"author":[{"embeddable":true,"href":"http:\/\/www.semlh-morbihan.fr\/wordpress\/wp-json\/wp\/v2\/users\/329"}],"replies":[{"embeddable":true,"href":"http:\/\/www.semlh-morbihan.fr\/wordpress\/wp-json\/wp\/v2\/comments?post=2237"}],"version-history":[{"count":0,"href":"http:\/\/www.semlh-morbihan.fr\/wordpress\/wp-json\/wp\/v2\/posts\/2237\/revisions"}],"wp:attachment":[{"href":"http:\/\/www.semlh-morbihan.fr\/wordpress\/wp-json\/wp\/v2\/media?parent=2237"}],"wp:term":[{"taxonomy":"category","embeddable":true,"href":"http:\/\/www.semlh-morbihan.fr\/wordpress\/wp-json\/wp\/v2\/categories?post=2237"},{"taxonomy":"post_tag","embeddable":true,"href":"http:\/\/www.semlh-morbihan.fr\/wordpress\/wp-json\/wp\/v2\/tags?post=2237"}],"curies":[{"name":"wp","href":"https:\/\/api.w.org\/{rel}","templated":true}]}}