{"id":2262,"date":"2014-09-15T18:04:06","date_gmt":"2014-09-15T16:04:06","guid":{"rendered":"http:\/\/www.semlh-morbihan.fr\/wordpress\/2014\/09\/15\/deces-du-lieutenant-colonel-jean-mas-obseques-le-mardi-16-septembre\/"},"modified":"2014-09-15T18:04:06","modified_gmt":"2014-09-15T16:04:06","slug":"deces-du-lieutenant-colonel-jean-mas-obseques-le-mardi-16-septembre","status":"publish","type":"post","link":"http:\/\/www.semlh-morbihan.fr\/wordpress\/2014\/09\/15\/deces-du-lieutenant-colonel-jean-mas-obseques-le-mardi-16-septembre\/","title":{"rendered":"D\u00e9c\u00e8s du Lieutenant-colonel Jean Mas &#8211; obs\u00e8ques le mardi 16 septembre"},"content":{"rendered":"Vous devez \u00eatre connect\u00e9 pour voir ce contenu.","protected":false},"excerpt":{"rendered":"Vous devez \u00eatre connect\u00e9 pour voir ce contenu.","protected":false},"author":329,"featured_media":0,"comment_status":"closed","ping_status":"open","sticky":false,"template":"","format":"standard","meta":{"footnotes":""},"categories":[402],"tags":[],"class_list":["post-2262","post","type-post","status-publish","format-standard","hentry","category-les-deces","wpcat-402-id"],"_links":{"self":[{"href":"http:\/\/www.semlh-morbihan.fr\/wordpress\/wp-json\/wp\/v2\/posts\/2262","targetHints":{"allow":["GET"]}}],"collection":[{"href":"http:\/\/www.semlh-morbihan.fr\/wordpress\/wp-json\/wp\/v2\/posts"}],"about":[{"href":"http:\/\/www.semlh-morbihan.fr\/wordpress\/wp-json\/wp\/v2\/types\/post"}],"author":[{"embeddable":true,"href":"http:\/\/www.semlh-morbihan.fr\/wordpress\/wp-json\/wp\/v2\/users\/329"}],"replies":[{"embeddable":true,"href":"http:\/\/www.semlh-morbihan.fr\/wordpress\/wp-json\/wp\/v2\/comments?post=2262"}],"version-history":[{"count":0,"href":"http:\/\/www.semlh-morbihan.fr\/wordpress\/wp-json\/wp\/v2\/posts\/2262\/revisions"}],"wp:attachment":[{"href":"http:\/\/www.semlh-morbihan.fr\/wordpress\/wp-json\/wp\/v2\/media?parent=2262"}],"wp:term":[{"taxonomy":"category","embeddable":true,"href":"http:\/\/www.semlh-morbihan.fr\/wordpress\/wp-json\/wp\/v2\/categories?post=2262"},{"taxonomy":"post_tag","embeddable":true,"href":"http:\/\/www.semlh-morbihan.fr\/wordpress\/wp-json\/wp\/v2\/tags?post=2262"}],"curies":[{"name":"wp","href":"https:\/\/api.w.org\/{rel}","templated":true}]}}