{"id":2264,"date":"2014-09-15T18:14:56","date_gmt":"2014-09-15T16:14:56","guid":{"rendered":"http:\/\/www.semlh-morbihan.fr\/wordpress\/2014\/09\/15\/deces-du-lieutenant-colonel-jean-mas-go-obseques-le-mardi-16-septembre-2\/"},"modified":"2020-06-29T21:15:13","modified_gmt":"2020-06-29T19:15:13","slug":"deces-du-lieutenant-colonel-jean-mas-go-obseques-le-mardi-16-septembre-2","status":"publish","type":"post","link":"http:\/\/www.semlh-morbihan.fr\/wordpress\/2014\/09\/15\/deces-du-lieutenant-colonel-jean-mas-go-obseques-le-mardi-16-septembre-2\/","title":{"rendered":"D\u00e9c\u00e8s du Lieutenant-colonel Jean Mas GO &#8211; obs\u00e8ques le mardi 16 septembre"},"content":{"rendered":"Vous devez \u00eatre connect\u00e9 pour voir ce contenu.","protected":false},"excerpt":{"rendered":"Vous devez \u00eatre connect\u00e9 pour voir ce contenu.","protected":false},"author":329,"featured_media":0,"comment_status":"open","ping_status":"open","sticky":false,"template":"","format":"standard","meta":{"footnotes":""},"categories":[397],"tags":[],"class_list":["post-2264","post","type-post","status-publish","format-standard","hentry","category-deces-de-societaires","wpcat-397-id"],"_links":{"self":[{"href":"http:\/\/www.semlh-morbihan.fr\/wordpress\/wp-json\/wp\/v2\/posts\/2264","targetHints":{"allow":["GET"]}}],"collection":[{"href":"http:\/\/www.semlh-morbihan.fr\/wordpress\/wp-json\/wp\/v2\/posts"}],"about":[{"href":"http:\/\/www.semlh-morbihan.fr\/wordpress\/wp-json\/wp\/v2\/types\/post"}],"author":[{"embeddable":true,"href":"http:\/\/www.semlh-morbihan.fr\/wordpress\/wp-json\/wp\/v2\/users\/329"}],"replies":[{"embeddable":true,"href":"http:\/\/www.semlh-morbihan.fr\/wordpress\/wp-json\/wp\/v2\/comments?post=2264"}],"version-history":[{"count":0,"href":"http:\/\/www.semlh-morbihan.fr\/wordpress\/wp-json\/wp\/v2\/posts\/2264\/revisions"}],"wp:attachment":[{"href":"http:\/\/www.semlh-morbihan.fr\/wordpress\/wp-json\/wp\/v2\/media?parent=2264"}],"wp:term":[{"taxonomy":"category","embeddable":true,"href":"http:\/\/www.semlh-morbihan.fr\/wordpress\/wp-json\/wp\/v2\/categories?post=2264"},{"taxonomy":"post_tag","embeddable":true,"href":"http:\/\/www.semlh-morbihan.fr\/wordpress\/wp-json\/wp\/v2\/tags?post=2264"}],"curies":[{"name":"wp","href":"https:\/\/api.w.org\/{rel}","templated":true}]}}