{"id":2375,"date":"2015-01-11T19:18:58","date_gmt":"2015-01-11T18:18:58","guid":{"rendered":"http:\/\/www.semlh-morbihan.fr\/wordpress\/2015\/01\/11\/deces-le-9-janvier-2015-du-lieutenant-colonel-loic-le-bastard-commandeur-de-la-lh\/"},"modified":"2015-01-11T19:18:58","modified_gmt":"2015-01-11T18:18:58","slug":"deces-le-9-janvier-2015-du-lieutenant-colonel-loic-le-bastard-commandeur-de-la-lh","status":"publish","type":"post","link":"http:\/\/www.semlh-morbihan.fr\/wordpress\/2015\/01\/11\/deces-le-9-janvier-2015-du-lieutenant-colonel-loic-le-bastard-commandeur-de-la-lh\/","title":{"rendered":"D\u00e9c\u00e8s le 9 janvier 2015 du Lieutenant-colonel Lo\u00efc Le Bastard, commandeur de la LH"},"content":{"rendered":"Vous devez \u00eatre connect\u00e9 pour voir ce contenu.","protected":false},"excerpt":{"rendered":"Vous devez \u00eatre connect\u00e9 pour voir ce contenu.","protected":false},"author":329,"featured_media":0,"comment_status":"closed","ping_status":"open","sticky":false,"template":"","format":"standard","meta":{"footnotes":""},"categories":[409],"tags":[],"class_list":["post-2375","post","type-post","status-publish","format-standard","hentry","category-les-deces-comite-du-pays-de-vannes","wpcat-409-id"],"_links":{"self":[{"href":"http:\/\/www.semlh-morbihan.fr\/wordpress\/wp-json\/wp\/v2\/posts\/2375","targetHints":{"allow":["GET"]}}],"collection":[{"href":"http:\/\/www.semlh-morbihan.fr\/wordpress\/wp-json\/wp\/v2\/posts"}],"about":[{"href":"http:\/\/www.semlh-morbihan.fr\/wordpress\/wp-json\/wp\/v2\/types\/post"}],"author":[{"embeddable":true,"href":"http:\/\/www.semlh-morbihan.fr\/wordpress\/wp-json\/wp\/v2\/users\/329"}],"replies":[{"embeddable":true,"href":"http:\/\/www.semlh-morbihan.fr\/wordpress\/wp-json\/wp\/v2\/comments?post=2375"}],"version-history":[{"count":0,"href":"http:\/\/www.semlh-morbihan.fr\/wordpress\/wp-json\/wp\/v2\/posts\/2375\/revisions"}],"wp:attachment":[{"href":"http:\/\/www.semlh-morbihan.fr\/wordpress\/wp-json\/wp\/v2\/media?parent=2375"}],"wp:term":[{"taxonomy":"category","embeddable":true,"href":"http:\/\/www.semlh-morbihan.fr\/wordpress\/wp-json\/wp\/v2\/categories?post=2375"},{"taxonomy":"post_tag","embeddable":true,"href":"http:\/\/www.semlh-morbihan.fr\/wordpress\/wp-json\/wp\/v2\/tags?post=2375"}],"curies":[{"name":"wp","href":"https:\/\/api.w.org\/{rel}","templated":true}]}}