{"id":2391,"date":"2015-03-19T17:36:11","date_gmt":"2015-03-19T16:36:11","guid":{"rendered":"http:\/\/www.semlh-morbihan.fr\/wordpress\/2015\/03\/19\/assemblee-generale-ordinaire-2015-de-la-smlh\/"},"modified":"2020-07-08T11:18:36","modified_gmt":"2020-07-08T09:18:36","slug":"assemblee-generale-ordinaire-2015-de-la-smlh","status":"publish","type":"post","link":"http:\/\/www.semlh-morbihan.fr\/wordpress\/2015\/03\/19\/assemblee-generale-ordinaire-2015-de-la-smlh\/","title":{"rendered":"Assembl\u00e9e g\u00e9n\u00e9rale ordinaire 2015 de la SMLH"},"content":{"rendered":"Vous devez \u00eatre connect\u00e9 pour voir ce contenu.","protected":false},"excerpt":{"rendered":"Vous devez \u00eatre connect\u00e9 pour voir ce contenu.","protected":false},"author":329,"featured_media":0,"comment_status":"closed","ping_status":"open","sticky":false,"template":"","format":"standard","meta":{"footnotes":""},"categories":[468,353],"tags":[],"class_list":["post-2391","post","type-post","status-publish","format-standard","hentry","category-actualites-la-smlh","category-la-smlh","wpcat-468-id","wpcat-353-id"],"_links":{"self":[{"href":"http:\/\/www.semlh-morbihan.fr\/wordpress\/wp-json\/wp\/v2\/posts\/2391","targetHints":{"allow":["GET"]}}],"collection":[{"href":"http:\/\/www.semlh-morbihan.fr\/wordpress\/wp-json\/wp\/v2\/posts"}],"about":[{"href":"http:\/\/www.semlh-morbihan.fr\/wordpress\/wp-json\/wp\/v2\/types\/post"}],"author":[{"embeddable":true,"href":"http:\/\/www.semlh-morbihan.fr\/wordpress\/wp-json\/wp\/v2\/users\/329"}],"replies":[{"embeddable":true,"href":"http:\/\/www.semlh-morbihan.fr\/wordpress\/wp-json\/wp\/v2\/comments?post=2391"}],"version-history":[{"count":1,"href":"http:\/\/www.semlh-morbihan.fr\/wordpress\/wp-json\/wp\/v2\/posts\/2391\/revisions"}],"predecessor-version":[{"id":4552,"href":"http:\/\/www.semlh-morbihan.fr\/wordpress\/wp-json\/wp\/v2\/posts\/2391\/revisions\/4552"}],"wp:attachment":[{"href":"http:\/\/www.semlh-morbihan.fr\/wordpress\/wp-json\/wp\/v2\/media?parent=2391"}],"wp:term":[{"taxonomy":"category","embeddable":true,"href":"http:\/\/www.semlh-morbihan.fr\/wordpress\/wp-json\/wp\/v2\/categories?post=2391"},{"taxonomy":"post_tag","embeddable":true,"href":"http:\/\/www.semlh-morbihan.fr\/wordpress\/wp-json\/wp\/v2\/tags?post=2391"}],"curies":[{"name":"wp","href":"https:\/\/api.w.org\/{rel}","templated":true}]}}