{"id":2393,"date":"2015-04-15T16:48:10","date_gmt":"2015-04-15T14:48:10","guid":{"rendered":"http:\/\/www.semlh-morbihan.fr\/wordpress\/2015\/04\/15\/m-jean-guillaume-ancien-president-du-comite-de-ploermel-coetquidan-nous-a-quitte-2\/"},"modified":"2015-04-15T16:48:10","modified_gmt":"2015-04-15T14:48:10","slug":"m-jean-guillaume-ancien-president-du-comite-de-ploermel-coetquidan-nous-a-quitte-2","status":"publish","type":"post","link":"http:\/\/www.semlh-morbihan.fr\/wordpress\/2015\/04\/15\/m-jean-guillaume-ancien-president-du-comite-de-ploermel-coetquidan-nous-a-quitte-2\/","title":{"rendered":"M. Jean Guillaume, ancien pr\u00e9sident du comit\u00e9 de Ploermel-Co\u00ebtquidan, nous a quitt\u00e9."},"content":{"rendered":"Vous devez \u00eatre connect\u00e9 pour voir ce contenu.","protected":false},"excerpt":{"rendered":"Vous devez \u00eatre connect\u00e9 pour voir ce contenu.","protected":false},"author":329,"featured_media":0,"comment_status":"open","ping_status":"open","sticky":false,"template":"","format":"standard","meta":{"footnotes":""},"categories":[397],"tags":[],"class_list":["post-2393","post","type-post","status-publish","format-standard","hentry","category-deces-de-societaires","wpcat-397-id"],"_links":{"self":[{"href":"http:\/\/www.semlh-morbihan.fr\/wordpress\/wp-json\/wp\/v2\/posts\/2393","targetHints":{"allow":["GET"]}}],"collection":[{"href":"http:\/\/www.semlh-morbihan.fr\/wordpress\/wp-json\/wp\/v2\/posts"}],"about":[{"href":"http:\/\/www.semlh-morbihan.fr\/wordpress\/wp-json\/wp\/v2\/types\/post"}],"author":[{"embeddable":true,"href":"http:\/\/www.semlh-morbihan.fr\/wordpress\/wp-json\/wp\/v2\/users\/329"}],"replies":[{"embeddable":true,"href":"http:\/\/www.semlh-morbihan.fr\/wordpress\/wp-json\/wp\/v2\/comments?post=2393"}],"version-history":[{"count":0,"href":"http:\/\/www.semlh-morbihan.fr\/wordpress\/wp-json\/wp\/v2\/posts\/2393\/revisions"}],"wp:attachment":[{"href":"http:\/\/www.semlh-morbihan.fr\/wordpress\/wp-json\/wp\/v2\/media?parent=2393"}],"wp:term":[{"taxonomy":"category","embeddable":true,"href":"http:\/\/www.semlh-morbihan.fr\/wordpress\/wp-json\/wp\/v2\/categories?post=2393"},{"taxonomy":"post_tag","embeddable":true,"href":"http:\/\/www.semlh-morbihan.fr\/wordpress\/wp-json\/wp\/v2\/tags?post=2393"}],"curies":[{"name":"wp","href":"https:\/\/api.w.org\/{rel}","templated":true}]}}