{"id":2455,"date":"2015-06-22T23:43:21","date_gmt":"2015-06-22T21:43:21","guid":{"rendered":"http:\/\/www.semlh-morbihan.fr\/wordpress\/2015\/06\/22\/reception-dans-lordre-m-roger-varambon-pontivy-le-20-juin-2015\/"},"modified":"2020-07-07T16:19:25","modified_gmt":"2020-07-07T14:19:25","slug":"reception-dans-lordre-m-roger-varambon-pontivy-le-20-juin-2015","status":"publish","type":"post","link":"http:\/\/www.semlh-morbihan.fr\/wordpress\/2015\/06\/22\/reception-dans-lordre-m-roger-varambon-pontivy-le-20-juin-2015\/","title":{"rendered":"RECEPTION DANS L&rsquo;ORDRE M ROGER VARAMBON PONTIVY LE 20 JUIN 2015"},"content":{"rendered":"Vous devez \u00eatre connect\u00e9 pour voir ce contenu.","protected":false},"excerpt":{"rendered":"Vous devez \u00eatre connect\u00e9 pour voir ce contenu.","protected":false},"author":332,"featured_media":0,"comment_status":"open","ping_status":"open","sticky":false,"template":"","format":"standard","meta":{"footnotes":""},"categories":[501,345],"tags":[],"class_list":["post-2455","post","type-post","status-publish","format-standard","hentry","category-cermonies-patriotiques","category-comite-du-pays-de-pontivy","wpcat-501-id","wpcat-345-id"],"_links":{"self":[{"href":"http:\/\/www.semlh-morbihan.fr\/wordpress\/wp-json\/wp\/v2\/posts\/2455","targetHints":{"allow":["GET"]}}],"collection":[{"href":"http:\/\/www.semlh-morbihan.fr\/wordpress\/wp-json\/wp\/v2\/posts"}],"about":[{"href":"http:\/\/www.semlh-morbihan.fr\/wordpress\/wp-json\/wp\/v2\/types\/post"}],"author":[{"embeddable":true,"href":"http:\/\/www.semlh-morbihan.fr\/wordpress\/wp-json\/wp\/v2\/users\/332"}],"replies":[{"embeddable":true,"href":"http:\/\/www.semlh-morbihan.fr\/wordpress\/wp-json\/wp\/v2\/comments?post=2455"}],"version-history":[{"count":0,"href":"http:\/\/www.semlh-morbihan.fr\/wordpress\/wp-json\/wp\/v2\/posts\/2455\/revisions"}],"wp:attachment":[{"href":"http:\/\/www.semlh-morbihan.fr\/wordpress\/wp-json\/wp\/v2\/media?parent=2455"}],"wp:term":[{"taxonomy":"category","embeddable":true,"href":"http:\/\/www.semlh-morbihan.fr\/wordpress\/wp-json\/wp\/v2\/categories?post=2455"},{"taxonomy":"post_tag","embeddable":true,"href":"http:\/\/www.semlh-morbihan.fr\/wordpress\/wp-json\/wp\/v2\/tags?post=2455"}],"curies":[{"name":"wp","href":"https:\/\/api.w.org\/{rel}","templated":true}]}}