{"id":2472,"date":"2015-07-21T19:46:11","date_gmt":"2015-07-21T17:46:11","guid":{"rendered":"http:\/\/www.semlh-morbihan.fr\/wordpress\/2015\/07\/21\/ceremonie-du-13-juillet-2015-au-fort-de-penthievre\/"},"modified":"2015-07-21T19:46:11","modified_gmt":"2015-07-21T17:46:11","slug":"ceremonie-du-13-juillet-2015-au-fort-de-penthievre","status":"publish","type":"post","link":"http:\/\/www.semlh-morbihan.fr\/wordpress\/2015\/07\/21\/ceremonie-du-13-juillet-2015-au-fort-de-penthievre\/","title":{"rendered":"c\u00e9r\u00e9monie du 13 juillet 2015 au fort de penthi\u00e8vre"},"content":{"rendered":"Vous devez \u00eatre connect\u00e9 pour voir ce contenu.","protected":false},"excerpt":{"rendered":"Vous devez \u00eatre connect\u00e9 pour voir ce contenu.","protected":false},"author":333,"featured_media":0,"comment_status":"closed","ping_status":"open","sticky":false,"template":"","format":"standard","meta":{"footnotes":""},"categories":[348],"tags":[],"class_list":["post-2472","post","type-post","status-publish","format-standard","hentry","category-actualites","wpcat-348-id"],"_links":{"self":[{"href":"http:\/\/www.semlh-morbihan.fr\/wordpress\/wp-json\/wp\/v2\/posts\/2472","targetHints":{"allow":["GET"]}}],"collection":[{"href":"http:\/\/www.semlh-morbihan.fr\/wordpress\/wp-json\/wp\/v2\/posts"}],"about":[{"href":"http:\/\/www.semlh-morbihan.fr\/wordpress\/wp-json\/wp\/v2\/types\/post"}],"author":[{"embeddable":true,"href":"http:\/\/www.semlh-morbihan.fr\/wordpress\/wp-json\/wp\/v2\/users\/333"}],"replies":[{"embeddable":true,"href":"http:\/\/www.semlh-morbihan.fr\/wordpress\/wp-json\/wp\/v2\/comments?post=2472"}],"version-history":[{"count":0,"href":"http:\/\/www.semlh-morbihan.fr\/wordpress\/wp-json\/wp\/v2\/posts\/2472\/revisions"}],"wp:attachment":[{"href":"http:\/\/www.semlh-morbihan.fr\/wordpress\/wp-json\/wp\/v2\/media?parent=2472"}],"wp:term":[{"taxonomy":"category","embeddable":true,"href":"http:\/\/www.semlh-morbihan.fr\/wordpress\/wp-json\/wp\/v2\/categories?post=2472"},{"taxonomy":"post_tag","embeddable":true,"href":"http:\/\/www.semlh-morbihan.fr\/wordpress\/wp-json\/wp\/v2\/tags?post=2472"}],"curies":[{"name":"wp","href":"https:\/\/api.w.org\/{rel}","templated":true}]}}