{"id":2504,"date":"2015-10-14T20:49:38","date_gmt":"2015-10-14T18:49:38","guid":{"rendered":"http:\/\/www.semlh-morbihan.fr\/wordpress\/2015\/10\/14\/6eme-seance-du-mardi-29-septembre-la-defense-nationale-et-les-forces-de-securite\/"},"modified":"2020-07-13T15:40:58","modified_gmt":"2020-07-13T13:40:58","slug":"6eme-seance-du-mardi-29-septembre-la-defense-nationale-et-les-forces-de-securite","status":"publish","type":"post","link":"http:\/\/www.semlh-morbihan.fr\/wordpress\/2015\/10\/14\/6eme-seance-du-mardi-29-septembre-la-defense-nationale-et-les-forces-de-securite\/","title":{"rendered":"2015 &#8211; 29 septembre &#8211; Futurs naturalis\u00e9 &#8211; 6\u00e9me s\u00e9ance"},"content":{"rendered":"Vous devez \u00eatre connect\u00e9 pour voir ce contenu.","protected":false},"excerpt":{"rendered":"Vous devez \u00eatre connect\u00e9 pour voir ce contenu.","protected":false},"author":329,"featured_media":0,"comment_status":"closed","ping_status":"open","sticky":false,"template":"","format":"standard","meta":{"footnotes":""},"categories":[466],"tags":[],"class_list":["post-2504","post","type-post","status-publish","format-standard","hentry","category-2015-2eme-session-dinformation","wpcat-466-id"],"_links":{"self":[{"href":"http:\/\/www.semlh-morbihan.fr\/wordpress\/wp-json\/wp\/v2\/posts\/2504","targetHints":{"allow":["GET"]}}],"collection":[{"href":"http:\/\/www.semlh-morbihan.fr\/wordpress\/wp-json\/wp\/v2\/posts"}],"about":[{"href":"http:\/\/www.semlh-morbihan.fr\/wordpress\/wp-json\/wp\/v2\/types\/post"}],"author":[{"embeddable":true,"href":"http:\/\/www.semlh-morbihan.fr\/wordpress\/wp-json\/wp\/v2\/users\/329"}],"replies":[{"embeddable":true,"href":"http:\/\/www.semlh-morbihan.fr\/wordpress\/wp-json\/wp\/v2\/comments?post=2504"}],"version-history":[{"count":0,"href":"http:\/\/www.semlh-morbihan.fr\/wordpress\/wp-json\/wp\/v2\/posts\/2504\/revisions"}],"wp:attachment":[{"href":"http:\/\/www.semlh-morbihan.fr\/wordpress\/wp-json\/wp\/v2\/media?parent=2504"}],"wp:term":[{"taxonomy":"category","embeddable":true,"href":"http:\/\/www.semlh-morbihan.fr\/wordpress\/wp-json\/wp\/v2\/categories?post=2504"},{"taxonomy":"post_tag","embeddable":true,"href":"http:\/\/www.semlh-morbihan.fr\/wordpress\/wp-json\/wp\/v2\/tags?post=2504"}],"curies":[{"name":"wp","href":"https:\/\/api.w.org\/{rel}","templated":true}]}}