{"id":2554,"date":"2015-12-01T18:21:25","date_gmt":"2015-12-01T17:21:25","guid":{"rendered":"http:\/\/www.semlh-morbihan.fr\/wordpress\/2015\/12\/01\/le-colonel-le-guyader-recooit-les-insignes-de-grand-croix-des-mains-du-president-de-la-republique-dans-la-cour-dhonneur-des-invalides\/"},"modified":"2015-12-01T18:21:25","modified_gmt":"2015-12-01T17:21:25","slug":"le-colonel-le-guyader-recooit-les-insignes-de-grand-croix-des-mains-du-president-de-la-republique-dans-la-cour-dhonneur-des-invalides","status":"publish","type":"post","link":"http:\/\/www.semlh-morbihan.fr\/wordpress\/2015\/12\/01\/le-colonel-le-guyader-recooit-les-insignes-de-grand-croix-des-mains-du-president-de-la-republique-dans-la-cour-dhonneur-des-invalides\/","title":{"rendered":"Le colonel Le Guyader re\u00e7ooit les insignes de Grand Croix des mains du Pr\u00e9sident de la R\u00e9publique dans la cour d&rsquo;honneur des Invalides"},"content":{"rendered":"Vous devez \u00eatre connect\u00e9 pour voir ce contenu.","protected":false},"excerpt":{"rendered":"Vous devez \u00eatre connect\u00e9 pour voir ce contenu.","protected":false},"author":329,"featured_media":0,"comment_status":"closed","ping_status":"open","sticky":false,"template":"","format":"standard","meta":{"footnotes":""},"categories":[340],"tags":[],"class_list":["post-2554","post","type-post","status-publish","format-standard","hentry","category-les-promus","wpcat-340-id"],"_links":{"self":[{"href":"http:\/\/www.semlh-morbihan.fr\/wordpress\/wp-json\/wp\/v2\/posts\/2554","targetHints":{"allow":["GET"]}}],"collection":[{"href":"http:\/\/www.semlh-morbihan.fr\/wordpress\/wp-json\/wp\/v2\/posts"}],"about":[{"href":"http:\/\/www.semlh-morbihan.fr\/wordpress\/wp-json\/wp\/v2\/types\/post"}],"author":[{"embeddable":true,"href":"http:\/\/www.semlh-morbihan.fr\/wordpress\/wp-json\/wp\/v2\/users\/329"}],"replies":[{"embeddable":true,"href":"http:\/\/www.semlh-morbihan.fr\/wordpress\/wp-json\/wp\/v2\/comments?post=2554"}],"version-history":[{"count":0,"href":"http:\/\/www.semlh-morbihan.fr\/wordpress\/wp-json\/wp\/v2\/posts\/2554\/revisions"}],"wp:attachment":[{"href":"http:\/\/www.semlh-morbihan.fr\/wordpress\/wp-json\/wp\/v2\/media?parent=2554"}],"wp:term":[{"taxonomy":"category","embeddable":true,"href":"http:\/\/www.semlh-morbihan.fr\/wordpress\/wp-json\/wp\/v2\/categories?post=2554"},{"taxonomy":"post_tag","embeddable":true,"href":"http:\/\/www.semlh-morbihan.fr\/wordpress\/wp-json\/wp\/v2\/tags?post=2554"}],"curies":[{"name":"wp","href":"https:\/\/api.w.org\/{rel}","templated":true}]}}