{"id":2559,"date":"2015-12-07T18:20:59","date_gmt":"2015-12-07T17:20:59","guid":{"rendered":"http:\/\/www.semlh-morbihan.fr\/wordpress\/2015\/12\/07\/temoingnage-de-m-varambon-aux-eleve-de-cm1-et-de-cm2-de-lecole-claude-marquet\/"},"modified":"2020-07-07T16:18:23","modified_gmt":"2020-07-07T14:18:23","slug":"temoingnage-de-m-varambon-aux-eleve-de-cm1-et-de-cm2-de-lecole-claude-marquet","status":"publish","type":"post","link":"http:\/\/www.semlh-morbihan.fr\/wordpress\/2015\/12\/07\/temoingnage-de-m-varambon-aux-eleve-de-cm1-et-de-cm2-de-lecole-claude-marquet\/","title":{"rendered":"T\u00e9moingnage de M. Varambon aux \u00e9l\u00e8ve de CM1 et de CM2 de l&rsquo;\u00e9cole Claude- Marquet"},"content":{"rendered":"Vous devez \u00eatre connect\u00e9 pour voir ce contenu.","protected":false},"excerpt":{"rendered":"Vous devez \u00eatre connect\u00e9 pour voir ce contenu.","protected":false},"author":329,"featured_media":0,"comment_status":"closed","ping_status":"open","sticky":false,"template":"","format":"standard","meta":{"footnotes":""},"categories":[361,345],"tags":[],"class_list":["post-2559","post","type-post","status-publish","format-standard","hentry","category-actualites-comite-du-pays-de-pontivy","category-comite-du-pays-de-pontivy","wpcat-361-id","wpcat-345-id"],"_links":{"self":[{"href":"http:\/\/www.semlh-morbihan.fr\/wordpress\/wp-json\/wp\/v2\/posts\/2559","targetHints":{"allow":["GET"]}}],"collection":[{"href":"http:\/\/www.semlh-morbihan.fr\/wordpress\/wp-json\/wp\/v2\/posts"}],"about":[{"href":"http:\/\/www.semlh-morbihan.fr\/wordpress\/wp-json\/wp\/v2\/types\/post"}],"author":[{"embeddable":true,"href":"http:\/\/www.semlh-morbihan.fr\/wordpress\/wp-json\/wp\/v2\/users\/329"}],"replies":[{"embeddable":true,"href":"http:\/\/www.semlh-morbihan.fr\/wordpress\/wp-json\/wp\/v2\/comments?post=2559"}],"version-history":[{"count":0,"href":"http:\/\/www.semlh-morbihan.fr\/wordpress\/wp-json\/wp\/v2\/posts\/2559\/revisions"}],"wp:attachment":[{"href":"http:\/\/www.semlh-morbihan.fr\/wordpress\/wp-json\/wp\/v2\/media?parent=2559"}],"wp:term":[{"taxonomy":"category","embeddable":true,"href":"http:\/\/www.semlh-morbihan.fr\/wordpress\/wp-json\/wp\/v2\/categories?post=2559"},{"taxonomy":"post_tag","embeddable":true,"href":"http:\/\/www.semlh-morbihan.fr\/wordpress\/wp-json\/wp\/v2\/tags?post=2559"}],"curies":[{"name":"wp","href":"https:\/\/api.w.org\/{rel}","templated":true}]}}