{"id":2589,"date":"2016-02-23T15:26:56","date_gmt":"2016-02-23T14:26:56","guid":{"rendered":"http:\/\/www.semlh-morbihan.fr\/wordpress\/2016\/02\/23\/mardi-23-fevrier-2016-les-pouvoirs-intermediaires-collectivites-territoriales-et-cadre-institutionnel-de-la-france\/"},"modified":"2020-07-13T16:28:55","modified_gmt":"2020-07-13T14:28:55","slug":"mardi-23-fevrier-2016-les-pouvoirs-intermediaires-collectivites-territoriales-et-cadre-institutionnel-de-la-france","status":"publish","type":"post","link":"http:\/\/www.semlh-morbihan.fr\/wordpress\/2016\/02\/23\/mardi-23-fevrier-2016-les-pouvoirs-intermediaires-collectivites-territoriales-et-cadre-institutionnel-de-la-france\/","title":{"rendered":"2016 &#8211; 23 f\u00e9vrier 2016 &#8211; Futurs naturalis\u00e9s &#8211; Les pouvoirs interm\u00e9diaires, collectivit\u00e9s territoriales et cadre institutionnel de la France"},"content":{"rendered":"Vous devez \u00eatre connect\u00e9 pour voir ce contenu.","protected":false},"excerpt":{"rendered":"Vous devez \u00eatre connect\u00e9 pour voir ce contenu.","protected":false},"author":329,"featured_media":0,"comment_status":"closed","ping_status":"open","sticky":false,"template":"","format":"standard","meta":{"footnotes":""},"categories":[465],"tags":[],"class_list":["post-2589","post","type-post","status-publish","format-standard","hentry","category-2016-3eme-session-dinformation","wpcat-465-id"],"_links":{"self":[{"href":"http:\/\/www.semlh-morbihan.fr\/wordpress\/wp-json\/wp\/v2\/posts\/2589","targetHints":{"allow":["GET"]}}],"collection":[{"href":"http:\/\/www.semlh-morbihan.fr\/wordpress\/wp-json\/wp\/v2\/posts"}],"about":[{"href":"http:\/\/www.semlh-morbihan.fr\/wordpress\/wp-json\/wp\/v2\/types\/post"}],"author":[{"embeddable":true,"href":"http:\/\/www.semlh-morbihan.fr\/wordpress\/wp-json\/wp\/v2\/users\/329"}],"replies":[{"embeddable":true,"href":"http:\/\/www.semlh-morbihan.fr\/wordpress\/wp-json\/wp\/v2\/comments?post=2589"}],"version-history":[{"count":0,"href":"http:\/\/www.semlh-morbihan.fr\/wordpress\/wp-json\/wp\/v2\/posts\/2589\/revisions"}],"wp:attachment":[{"href":"http:\/\/www.semlh-morbihan.fr\/wordpress\/wp-json\/wp\/v2\/media?parent=2589"}],"wp:term":[{"taxonomy":"category","embeddable":true,"href":"http:\/\/www.semlh-morbihan.fr\/wordpress\/wp-json\/wp\/v2\/categories?post=2589"},{"taxonomy":"post_tag","embeddable":true,"href":"http:\/\/www.semlh-morbihan.fr\/wordpress\/wp-json\/wp\/v2\/tags?post=2589"}],"curies":[{"name":"wp","href":"https:\/\/api.w.org\/{rel}","templated":true}]}}