{"id":2591,"date":"2016-02-28T18:26:00","date_gmt":"2016-02-28T17:26:00","guid":{"rendered":"http:\/\/www.semlh-morbihan.fr\/wordpress\/2016\/02\/28\/deces-du-lt-colonel-er-marc-michard-du-comite-de-ploermel-le-27-fevrier-2016\/"},"modified":"2016-02-28T18:26:00","modified_gmt":"2016-02-28T17:26:00","slug":"deces-du-lt-colonel-er-marc-michard-du-comite-de-ploermel-le-27-fevrier-2016","status":"publish","type":"post","link":"http:\/\/www.semlh-morbihan.fr\/wordpress\/2016\/02\/28\/deces-du-lt-colonel-er-marc-michard-du-comite-de-ploermel-le-27-fevrier-2016\/","title":{"rendered":"D\u00e9c\u00e8s du lt-colonel (ER) Marc Michard du comit\u00e9 de Ploermel le 27 f\u00e9vrier 2016"},"content":{"rendered":"Vous devez \u00eatre connect\u00e9 pour voir ce contenu.","protected":false},"excerpt":{"rendered":"Vous devez \u00eatre connect\u00e9 pour voir ce contenu.","protected":false},"author":329,"featured_media":0,"comment_status":"closed","ping_status":"open","sticky":false,"template":"","format":"standard","meta":{"footnotes":""},"categories":[397],"tags":[],"class_list":["post-2591","post","type-post","status-publish","format-standard","hentry","category-deces-de-societaires","wpcat-397-id"],"_links":{"self":[{"href":"http:\/\/www.semlh-morbihan.fr\/wordpress\/wp-json\/wp\/v2\/posts\/2591","targetHints":{"allow":["GET"]}}],"collection":[{"href":"http:\/\/www.semlh-morbihan.fr\/wordpress\/wp-json\/wp\/v2\/posts"}],"about":[{"href":"http:\/\/www.semlh-morbihan.fr\/wordpress\/wp-json\/wp\/v2\/types\/post"}],"author":[{"embeddable":true,"href":"http:\/\/www.semlh-morbihan.fr\/wordpress\/wp-json\/wp\/v2\/users\/329"}],"replies":[{"embeddable":true,"href":"http:\/\/www.semlh-morbihan.fr\/wordpress\/wp-json\/wp\/v2\/comments?post=2591"}],"version-history":[{"count":0,"href":"http:\/\/www.semlh-morbihan.fr\/wordpress\/wp-json\/wp\/v2\/posts\/2591\/revisions"}],"wp:attachment":[{"href":"http:\/\/www.semlh-morbihan.fr\/wordpress\/wp-json\/wp\/v2\/media?parent=2591"}],"wp:term":[{"taxonomy":"category","embeddable":true,"href":"http:\/\/www.semlh-morbihan.fr\/wordpress\/wp-json\/wp\/v2\/categories?post=2591"},{"taxonomy":"post_tag","embeddable":true,"href":"http:\/\/www.semlh-morbihan.fr\/wordpress\/wp-json\/wp\/v2\/tags?post=2591"}],"curies":[{"name":"wp","href":"https:\/\/api.w.org\/{rel}","templated":true}]}}