{"id":2728,"date":"2016-07-16T15:04:24","date_gmt":"2016-07-16T13:04:24","guid":{"rendered":"http:\/\/www.semlh-morbihan.fr\/wordpress\/2016\/07\/16\/reception-dans-lordre-andre-guilloux-kergrist-09-juillet-2016\/"},"modified":"2020-07-07T18:19:52","modified_gmt":"2020-07-07T16:19:52","slug":"reception-dans-lordre-andre-guilloux-kergrist-09-juillet-2016","status":"publish","type":"post","link":"http:\/\/www.semlh-morbihan.fr\/wordpress\/2016\/07\/16\/reception-dans-lordre-andre-guilloux-kergrist-09-juillet-2016\/","title":{"rendered":"RECEPTION DANS L&rsquo;ORDRE ANDRE GUILLOUX KERGRIST 09 JUILLET 2016"},"content":{"rendered":"Vous devez \u00eatre connect\u00e9 pour voir ce contenu.","protected":false},"excerpt":{"rendered":"Vous devez \u00eatre connect\u00e9 pour voir ce contenu.","protected":false},"author":332,"featured_media":0,"comment_status":"open","ping_status":"open","sticky":false,"template":"","format":"standard","meta":{"footnotes":""},"categories":[501,345],"tags":[],"class_list":["post-2728","post","type-post","status-publish","format-standard","hentry","category-cermonies-patriotiques","category-comite-du-pays-de-pontivy","wpcat-501-id","wpcat-345-id"],"_links":{"self":[{"href":"http:\/\/www.semlh-morbihan.fr\/wordpress\/wp-json\/wp\/v2\/posts\/2728","targetHints":{"allow":["GET"]}}],"collection":[{"href":"http:\/\/www.semlh-morbihan.fr\/wordpress\/wp-json\/wp\/v2\/posts"}],"about":[{"href":"http:\/\/www.semlh-morbihan.fr\/wordpress\/wp-json\/wp\/v2\/types\/post"}],"author":[{"embeddable":true,"href":"http:\/\/www.semlh-morbihan.fr\/wordpress\/wp-json\/wp\/v2\/users\/332"}],"replies":[{"embeddable":true,"href":"http:\/\/www.semlh-morbihan.fr\/wordpress\/wp-json\/wp\/v2\/comments?post=2728"}],"version-history":[{"count":0,"href":"http:\/\/www.semlh-morbihan.fr\/wordpress\/wp-json\/wp\/v2\/posts\/2728\/revisions"}],"wp:attachment":[{"href":"http:\/\/www.semlh-morbihan.fr\/wordpress\/wp-json\/wp\/v2\/media?parent=2728"}],"wp:term":[{"taxonomy":"category","embeddable":true,"href":"http:\/\/www.semlh-morbihan.fr\/wordpress\/wp-json\/wp\/v2\/categories?post=2728"},{"taxonomy":"post_tag","embeddable":true,"href":"http:\/\/www.semlh-morbihan.fr\/wordpress\/wp-json\/wp\/v2\/tags?post=2728"}],"curies":[{"name":"wp","href":"https:\/\/api.w.org\/{rel}","templated":true}]}}