{"id":2773,"date":"2016-11-10T16:47:00","date_gmt":"2016-11-10T15:47:00","guid":{"rendered":"http:\/\/www.semlh-morbihan.fr\/wordpress\/2016\/11\/10\/assemblee-locale-du-comite-de-vannes-le-20-octobre-2016-au-palais-des-arts-a-vannes\/"},"modified":"2020-07-07T18:43:10","modified_gmt":"2020-07-07T16:43:10","slug":"assemblee-locale-du-comite-de-vannes-le-20-octobre-2016-au-palais-des-arts-a-vannes","status":"publish","type":"post","link":"http:\/\/www.semlh-morbihan.fr\/wordpress\/2016\/11\/10\/assemblee-locale-du-comite-de-vannes-le-20-octobre-2016-au-palais-des-arts-a-vannes\/","title":{"rendered":"Assembl\u00e9e locale du comit\u00e9 de Vannes le 20 octobre 2016 au Palais des Arts \u00e0 Vannes"},"content":{"rendered":"Vous devez \u00eatre connect\u00e9 pour voir ce contenu.","protected":false},"excerpt":{"rendered":"Vous devez \u00eatre connect\u00e9 pour voir ce contenu.","protected":false},"author":329,"featured_media":0,"comment_status":"open","ping_status":"open","sticky":false,"template":"","format":"standard","meta":{"footnotes":""},"categories":[350,346],"tags":[],"class_list":["post-2773","post","type-post","status-publish","format-standard","hentry","category-actualites-comite-du-pays-de-vannes","category-comite-du-pays-de-vannes","wpcat-350-id","wpcat-346-id"],"_links":{"self":[{"href":"http:\/\/www.semlh-morbihan.fr\/wordpress\/wp-json\/wp\/v2\/posts\/2773","targetHints":{"allow":["GET"]}}],"collection":[{"href":"http:\/\/www.semlh-morbihan.fr\/wordpress\/wp-json\/wp\/v2\/posts"}],"about":[{"href":"http:\/\/www.semlh-morbihan.fr\/wordpress\/wp-json\/wp\/v2\/types\/post"}],"author":[{"embeddable":true,"href":"http:\/\/www.semlh-morbihan.fr\/wordpress\/wp-json\/wp\/v2\/users\/329"}],"replies":[{"embeddable":true,"href":"http:\/\/www.semlh-morbihan.fr\/wordpress\/wp-json\/wp\/v2\/comments?post=2773"}],"version-history":[{"count":0,"href":"http:\/\/www.semlh-morbihan.fr\/wordpress\/wp-json\/wp\/v2\/posts\/2773\/revisions"}],"wp:attachment":[{"href":"http:\/\/www.semlh-morbihan.fr\/wordpress\/wp-json\/wp\/v2\/media?parent=2773"}],"wp:term":[{"taxonomy":"category","embeddable":true,"href":"http:\/\/www.semlh-morbihan.fr\/wordpress\/wp-json\/wp\/v2\/categories?post=2773"},{"taxonomy":"post_tag","embeddable":true,"href":"http:\/\/www.semlh-morbihan.fr\/wordpress\/wp-json\/wp\/v2\/tags?post=2773"}],"curies":[{"name":"wp","href":"https:\/\/api.w.org\/{rel}","templated":true}]}}