{"id":2837,"date":"2017-02-06T15:30:00","date_gmt":"2017-02-06T14:30:00","guid":{"rendered":"http:\/\/www.semlh-morbihan.fr\/wordpress\/2017\/02\/06\/repas-de-la-galette-du-bureau-du-comite-de-vannes-le-24-janvier-2017\/"},"modified":"2020-07-07T18:45:19","modified_gmt":"2020-07-07T16:45:19","slug":"repas-de-la-galette-du-bureau-du-comite-de-vannes-le-24-janvier-2017","status":"publish","type":"post","link":"http:\/\/www.semlh-morbihan.fr\/wordpress\/2017\/02\/06\/repas-de-la-galette-du-bureau-du-comite-de-vannes-le-24-janvier-2017\/","title":{"rendered":"repas de la galette du bureau du comit\u00e9 de Vannes le 24 janvier 2017"},"content":{"rendered":"Vous devez \u00eatre connect\u00e9 pour voir ce contenu.","protected":false},"excerpt":{"rendered":"Vous devez \u00eatre connect\u00e9 pour voir ce contenu.","protected":false},"author":329,"featured_media":0,"comment_status":"closed","ping_status":"open","sticky":false,"template":"","format":"standard","meta":{"footnotes":""},"categories":[350,346],"tags":[],"class_list":["post-2837","post","type-post","status-publish","format-standard","hentry","category-actualites-comite-du-pays-de-vannes","category-comite-du-pays-de-vannes","wpcat-350-id","wpcat-346-id"],"_links":{"self":[{"href":"http:\/\/www.semlh-morbihan.fr\/wordpress\/wp-json\/wp\/v2\/posts\/2837","targetHints":{"allow":["GET"]}}],"collection":[{"href":"http:\/\/www.semlh-morbihan.fr\/wordpress\/wp-json\/wp\/v2\/posts"}],"about":[{"href":"http:\/\/www.semlh-morbihan.fr\/wordpress\/wp-json\/wp\/v2\/types\/post"}],"author":[{"embeddable":true,"href":"http:\/\/www.semlh-morbihan.fr\/wordpress\/wp-json\/wp\/v2\/users\/329"}],"replies":[{"embeddable":true,"href":"http:\/\/www.semlh-morbihan.fr\/wordpress\/wp-json\/wp\/v2\/comments?post=2837"}],"version-history":[{"count":0,"href":"http:\/\/www.semlh-morbihan.fr\/wordpress\/wp-json\/wp\/v2\/posts\/2837\/revisions"}],"wp:attachment":[{"href":"http:\/\/www.semlh-morbihan.fr\/wordpress\/wp-json\/wp\/v2\/media?parent=2837"}],"wp:term":[{"taxonomy":"category","embeddable":true,"href":"http:\/\/www.semlh-morbihan.fr\/wordpress\/wp-json\/wp\/v2\/categories?post=2837"},{"taxonomy":"post_tag","embeddable":true,"href":"http:\/\/www.semlh-morbihan.fr\/wordpress\/wp-json\/wp\/v2\/tags?post=2837"}],"curies":[{"name":"wp","href":"https:\/\/api.w.org\/{rel}","templated":true}]}}