{"id":2845,"date":"2017-03-14T16:25:21","date_gmt":"2017-03-14T15:25:21","guid":{"rendered":"http:\/\/www.semlh-morbihan.fr\/wordpress\/2017\/03\/14\/mardi-28-fevrier-2017-la-justice-et-les-droits-de-la-femme\/"},"modified":"2020-07-13T16:34:12","modified_gmt":"2020-07-13T14:34:12","slug":"mardi-28-fevrier-2017-la-justice-et-les-droits-de-la-femme","status":"publish","type":"post","link":"http:\/\/www.semlh-morbihan.fr\/wordpress\/2017\/03\/14\/mardi-28-fevrier-2017-la-justice-et-les-droits-de-la-femme\/","title":{"rendered":"2017 &#8211; 28 f\u00e9vrier &#8211; Futurs naturalis\u00e9s &#8211; la justice et les droits de la femme"},"content":{"rendered":"Vous devez \u00eatre connect\u00e9 pour voir ce contenu.","protected":false},"excerpt":{"rendered":"Vous devez \u00eatre connect\u00e9 pour voir ce contenu.","protected":false},"author":329,"featured_media":0,"comment_status":"closed","ping_status":"open","sticky":false,"template":"","format":"standard","meta":{"footnotes":""},"categories":[474],"tags":[],"class_list":["post-2845","post","type-post","status-publish","format-standard","hentry","category-2017-la-quatrieme-sessions-dinformation-pour-les-futurs-naturalises","wpcat-474-id"],"_links":{"self":[{"href":"http:\/\/www.semlh-morbihan.fr\/wordpress\/wp-json\/wp\/v2\/posts\/2845","targetHints":{"allow":["GET"]}}],"collection":[{"href":"http:\/\/www.semlh-morbihan.fr\/wordpress\/wp-json\/wp\/v2\/posts"}],"about":[{"href":"http:\/\/www.semlh-morbihan.fr\/wordpress\/wp-json\/wp\/v2\/types\/post"}],"author":[{"embeddable":true,"href":"http:\/\/www.semlh-morbihan.fr\/wordpress\/wp-json\/wp\/v2\/users\/329"}],"replies":[{"embeddable":true,"href":"http:\/\/www.semlh-morbihan.fr\/wordpress\/wp-json\/wp\/v2\/comments?post=2845"}],"version-history":[{"count":0,"href":"http:\/\/www.semlh-morbihan.fr\/wordpress\/wp-json\/wp\/v2\/posts\/2845\/revisions"}],"wp:attachment":[{"href":"http:\/\/www.semlh-morbihan.fr\/wordpress\/wp-json\/wp\/v2\/media?parent=2845"}],"wp:term":[{"taxonomy":"category","embeddable":true,"href":"http:\/\/www.semlh-morbihan.fr\/wordpress\/wp-json\/wp\/v2\/categories?post=2845"},{"taxonomy":"post_tag","embeddable":true,"href":"http:\/\/www.semlh-morbihan.fr\/wordpress\/wp-json\/wp\/v2\/tags?post=2845"}],"curies":[{"name":"wp","href":"https:\/\/api.w.org\/{rel}","templated":true}]}}