{"id":2862,"date":"2017-05-10T15:18:32","date_gmt":"2017-05-10T13:18:32","guid":{"rendered":"http:\/\/www.semlh-morbihan.fr\/wordpress\/2017\/05\/10\/exposition-sur-les-aviateurs-allies-tues-dans-le-morbihan-en-44\/"},"modified":"2017-05-10T15:18:32","modified_gmt":"2017-05-10T13:18:32","slug":"exposition-sur-les-aviateurs-allies-tues-dans-le-morbihan-en-44","status":"publish","type":"post","link":"http:\/\/www.semlh-morbihan.fr\/wordpress\/2017\/05\/10\/exposition-sur-les-aviateurs-allies-tues-dans-le-morbihan-en-44\/","title":{"rendered":"exposition sur les aviateurs alli\u00e9s tu\u00e9s dans le morbihan en 44"},"content":{"rendered":"Vous devez \u00eatre connect\u00e9 pour voir ce contenu.","protected":false},"excerpt":{"rendered":"Vous devez \u00eatre connect\u00e9 pour voir ce contenu.","protected":false},"author":329,"featured_media":0,"comment_status":"closed","ping_status":"open","sticky":false,"template":"","format":"standard","meta":{"footnotes":""},"categories":[348],"tags":[],"class_list":["post-2862","post","type-post","status-publish","format-standard","hentry","category-actualites","wpcat-348-id"],"_links":{"self":[{"href":"http:\/\/www.semlh-morbihan.fr\/wordpress\/wp-json\/wp\/v2\/posts\/2862","targetHints":{"allow":["GET"]}}],"collection":[{"href":"http:\/\/www.semlh-morbihan.fr\/wordpress\/wp-json\/wp\/v2\/posts"}],"about":[{"href":"http:\/\/www.semlh-morbihan.fr\/wordpress\/wp-json\/wp\/v2\/types\/post"}],"author":[{"embeddable":true,"href":"http:\/\/www.semlh-morbihan.fr\/wordpress\/wp-json\/wp\/v2\/users\/329"}],"replies":[{"embeddable":true,"href":"http:\/\/www.semlh-morbihan.fr\/wordpress\/wp-json\/wp\/v2\/comments?post=2862"}],"version-history":[{"count":0,"href":"http:\/\/www.semlh-morbihan.fr\/wordpress\/wp-json\/wp\/v2\/posts\/2862\/revisions"}],"wp:attachment":[{"href":"http:\/\/www.semlh-morbihan.fr\/wordpress\/wp-json\/wp\/v2\/media?parent=2862"}],"wp:term":[{"taxonomy":"category","embeddable":true,"href":"http:\/\/www.semlh-morbihan.fr\/wordpress\/wp-json\/wp\/v2\/categories?post=2862"},{"taxonomy":"post_tag","embeddable":true,"href":"http:\/\/www.semlh-morbihan.fr\/wordpress\/wp-json\/wp\/v2\/tags?post=2862"}],"curies":[{"name":"wp","href":"https:\/\/api.w.org\/{rel}","templated":true}]}}