{"id":2913,"date":"2017-06-21T17:07:36","date_gmt":"2017-06-21T15:07:36","guid":{"rendered":"http:\/\/www.semlh-morbihan.fr\/wordpress\/2017\/06\/21\/ceremonie-memorielle-le-lundi-26-juin-2017-a-sainte-anne-dauray\/"},"modified":"2020-07-08T11:12:39","modified_gmt":"2020-07-08T09:12:39","slug":"ceremonie-memorielle-le-lundi-26-juin-2017-a-sainte-anne-dauray","status":"publish","type":"post","link":"http:\/\/www.semlh-morbihan.fr\/wordpress\/2017\/06\/21\/ceremonie-memorielle-le-lundi-26-juin-2017-a-sainte-anne-dauray\/","title":{"rendered":"C\u00e9r\u00e9monie m\u00e9morielle le lundi 26 juin 2017 \u00e0 Sainte Anne d&rsquo;Auray"},"content":{"rendered":"Vous devez \u00eatre connect\u00e9 pour voir ce contenu.","protected":false},"excerpt":{"rendered":"Vous devez \u00eatre connect\u00e9 pour voir ce contenu.","protected":false},"author":329,"featured_media":0,"comment_status":"closed","ping_status":"open","sticky":false,"template":"","format":"standard","meta":{"footnotes":""},"categories":[417,337],"tags":[],"class_list":["post-2913","post","type-post","status-publish","format-standard","hentry","category-ceremonies-patriotiques","category-la-section","wpcat-417-id","wpcat-337-id"],"_links":{"self":[{"href":"http:\/\/www.semlh-morbihan.fr\/wordpress\/wp-json\/wp\/v2\/posts\/2913","targetHints":{"allow":["GET"]}}],"collection":[{"href":"http:\/\/www.semlh-morbihan.fr\/wordpress\/wp-json\/wp\/v2\/posts"}],"about":[{"href":"http:\/\/www.semlh-morbihan.fr\/wordpress\/wp-json\/wp\/v2\/types\/post"}],"author":[{"embeddable":true,"href":"http:\/\/www.semlh-morbihan.fr\/wordpress\/wp-json\/wp\/v2\/users\/329"}],"replies":[{"embeddable":true,"href":"http:\/\/www.semlh-morbihan.fr\/wordpress\/wp-json\/wp\/v2\/comments?post=2913"}],"version-history":[{"count":1,"href":"http:\/\/www.semlh-morbihan.fr\/wordpress\/wp-json\/wp\/v2\/posts\/2913\/revisions"}],"predecessor-version":[{"id":4544,"href":"http:\/\/www.semlh-morbihan.fr\/wordpress\/wp-json\/wp\/v2\/posts\/2913\/revisions\/4544"}],"wp:attachment":[{"href":"http:\/\/www.semlh-morbihan.fr\/wordpress\/wp-json\/wp\/v2\/media?parent=2913"}],"wp:term":[{"taxonomy":"category","embeddable":true,"href":"http:\/\/www.semlh-morbihan.fr\/wordpress\/wp-json\/wp\/v2\/categories?post=2913"},{"taxonomy":"post_tag","embeddable":true,"href":"http:\/\/www.semlh-morbihan.fr\/wordpress\/wp-json\/wp\/v2\/tags?post=2913"}],"curies":[{"name":"wp","href":"https:\/\/api.w.org\/{rel}","templated":true}]}}