{"id":2949,"date":"2017-10-31T19:19:51","date_gmt":"2017-10-31T18:19:51","guid":{"rendered":"http:\/\/www.semlh-morbihan.fr\/wordpress\/2017\/10\/31\/assemblee-locale-du-comite-de-ploermel-coetquidan-le-8-novembre-2017a-17h30-aux-ecoles-de-coetquidant\/"},"modified":"2017-10-31T19:19:51","modified_gmt":"2017-10-31T18:19:51","slug":"assemblee-locale-du-comite-de-ploermel-coetquidan-le-8-novembre-2017a-17h30-aux-ecoles-de-coetquidant","status":"publish","type":"post","link":"http:\/\/www.semlh-morbihan.fr\/wordpress\/2017\/10\/31\/assemblee-locale-du-comite-de-ploermel-coetquidan-le-8-novembre-2017a-17h30-aux-ecoles-de-coetquidant\/","title":{"rendered":"Assembl\u00e9e locale du comit\u00e9 de PLoermel-Coetquidan le 8 novembre 2017\u00e0 17h30  aux \u00e9coles de Coetquidant"},"content":{"rendered":"Vous devez \u00eatre connect\u00e9 pour voir ce contenu.","protected":false},"excerpt":{"rendered":"Vous devez \u00eatre connect\u00e9 pour voir ce contenu.","protected":false},"author":329,"featured_media":0,"comment_status":"closed","ping_status":"open","sticky":false,"template":"","format":"standard","meta":{"footnotes":""},"categories":[365],"tags":[],"class_list":["post-2949","post","type-post","status-publish","format-standard","hentry","category-actualites-comite-de-ploermel-coetquidan","wpcat-365-id"],"_links":{"self":[{"href":"http:\/\/www.semlh-morbihan.fr\/wordpress\/wp-json\/wp\/v2\/posts\/2949","targetHints":{"allow":["GET"]}}],"collection":[{"href":"http:\/\/www.semlh-morbihan.fr\/wordpress\/wp-json\/wp\/v2\/posts"}],"about":[{"href":"http:\/\/www.semlh-morbihan.fr\/wordpress\/wp-json\/wp\/v2\/types\/post"}],"author":[{"embeddable":true,"href":"http:\/\/www.semlh-morbihan.fr\/wordpress\/wp-json\/wp\/v2\/users\/329"}],"replies":[{"embeddable":true,"href":"http:\/\/www.semlh-morbihan.fr\/wordpress\/wp-json\/wp\/v2\/comments?post=2949"}],"version-history":[{"count":0,"href":"http:\/\/www.semlh-morbihan.fr\/wordpress\/wp-json\/wp\/v2\/posts\/2949\/revisions"}],"wp:attachment":[{"href":"http:\/\/www.semlh-morbihan.fr\/wordpress\/wp-json\/wp\/v2\/media?parent=2949"}],"wp:term":[{"taxonomy":"category","embeddable":true,"href":"http:\/\/www.semlh-morbihan.fr\/wordpress\/wp-json\/wp\/v2\/categories?post=2949"},{"taxonomy":"post_tag","embeddable":true,"href":"http:\/\/www.semlh-morbihan.fr\/wordpress\/wp-json\/wp\/v2\/tags?post=2949"}],"curies":[{"name":"wp","href":"https:\/\/api.w.org\/{rel}","templated":true}]}}