{"id":3081,"date":"2018-03-13T22:10:34","date_gmt":"2018-03-13T21:10:34","guid":{"rendered":"http:\/\/www.semlh-morbihan.fr\/wordpress\/2018\/03\/13\/deces-de-jacques-bruhat-chevalier-le-03-mars-2018\/"},"modified":"2018-03-13T22:10:34","modified_gmt":"2018-03-13T21:10:34","slug":"deces-de-jacques-bruhat-chevalier-le-03-mars-2018","status":"publish","type":"post","link":"http:\/\/www.semlh-morbihan.fr\/wordpress\/2018\/03\/13\/deces-de-jacques-bruhat-chevalier-le-03-mars-2018\/","title":{"rendered":"DECES DE JACQUES BRUHAT CHEVALIER le 03 Mars 2018."},"content":{"rendered":"Vous devez \u00eatre connect\u00e9 pour voir ce contenu.","protected":false},"excerpt":{"rendered":"Vous devez \u00eatre connect\u00e9 pour voir ce contenu.","protected":false},"author":332,"featured_media":0,"comment_status":"open","ping_status":"open","sticky":false,"template":"","format":"standard","meta":{"footnotes":""},"categories":[402],"tags":[],"class_list":["post-3081","post","type-post","status-publish","format-standard","hentry","category-les-deces","wpcat-402-id"],"_links":{"self":[{"href":"http:\/\/www.semlh-morbihan.fr\/wordpress\/wp-json\/wp\/v2\/posts\/3081","targetHints":{"allow":["GET"]}}],"collection":[{"href":"http:\/\/www.semlh-morbihan.fr\/wordpress\/wp-json\/wp\/v2\/posts"}],"about":[{"href":"http:\/\/www.semlh-morbihan.fr\/wordpress\/wp-json\/wp\/v2\/types\/post"}],"author":[{"embeddable":true,"href":"http:\/\/www.semlh-morbihan.fr\/wordpress\/wp-json\/wp\/v2\/users\/332"}],"replies":[{"embeddable":true,"href":"http:\/\/www.semlh-morbihan.fr\/wordpress\/wp-json\/wp\/v2\/comments?post=3081"}],"version-history":[{"count":0,"href":"http:\/\/www.semlh-morbihan.fr\/wordpress\/wp-json\/wp\/v2\/posts\/3081\/revisions"}],"wp:attachment":[{"href":"http:\/\/www.semlh-morbihan.fr\/wordpress\/wp-json\/wp\/v2\/media?parent=3081"}],"wp:term":[{"taxonomy":"category","embeddable":true,"href":"http:\/\/www.semlh-morbihan.fr\/wordpress\/wp-json\/wp\/v2\/categories?post=3081"},{"taxonomy":"post_tag","embeddable":true,"href":"http:\/\/www.semlh-morbihan.fr\/wordpress\/wp-json\/wp\/v2\/tags?post=3081"}],"curies":[{"name":"wp","href":"https:\/\/api.w.org\/{rel}","templated":true}]}}