{"id":3083,"date":"2018-03-14T20:08:53","date_gmt":"2018-03-14T19:08:53","guid":{"rendered":"http:\/\/www.semlh-morbihan.fr\/wordpress\/2018\/03\/14\/seance-du-mardi-13-mars-2018-pouvoirs-intermediaires-et-ordre-public\/"},"modified":"2020-07-13T16:41:53","modified_gmt":"2020-07-13T14:41:53","slug":"seance-du-mardi-13-mars-2018-pouvoirs-intermediaires-et-ordre-public","status":"publish","type":"post","link":"http:\/\/www.semlh-morbihan.fr\/wordpress\/2018\/03\/14\/seance-du-mardi-13-mars-2018-pouvoirs-intermediaires-et-ordre-public\/","title":{"rendered":"2018 &#8211; 13 mars &#8211; Futurs naturalis\u00e9s &#8211; pouvoirs interm\u00e9diaires et ordre public"},"content":{"rendered":"Vous devez \u00eatre connect\u00e9 pour voir ce contenu.","protected":false},"excerpt":{"rendered":"Vous devez \u00eatre connect\u00e9 pour voir ce contenu.","protected":false},"author":329,"featured_media":0,"comment_status":"closed","ping_status":"open","sticky":false,"template":"","format":"standard","meta":{"footnotes":""},"categories":[478],"tags":[],"class_list":["post-3083","post","type-post","status-publish","format-standard","hentry","category-2018-la-cinquieme-session-dinformation-pour-les-candidats-a-la-naturalisaion","wpcat-478-id"],"_links":{"self":[{"href":"http:\/\/www.semlh-morbihan.fr\/wordpress\/wp-json\/wp\/v2\/posts\/3083","targetHints":{"allow":["GET"]}}],"collection":[{"href":"http:\/\/www.semlh-morbihan.fr\/wordpress\/wp-json\/wp\/v2\/posts"}],"about":[{"href":"http:\/\/www.semlh-morbihan.fr\/wordpress\/wp-json\/wp\/v2\/types\/post"}],"author":[{"embeddable":true,"href":"http:\/\/www.semlh-morbihan.fr\/wordpress\/wp-json\/wp\/v2\/users\/329"}],"replies":[{"embeddable":true,"href":"http:\/\/www.semlh-morbihan.fr\/wordpress\/wp-json\/wp\/v2\/comments?post=3083"}],"version-history":[{"count":0,"href":"http:\/\/www.semlh-morbihan.fr\/wordpress\/wp-json\/wp\/v2\/posts\/3083\/revisions"}],"wp:attachment":[{"href":"http:\/\/www.semlh-morbihan.fr\/wordpress\/wp-json\/wp\/v2\/media?parent=3083"}],"wp:term":[{"taxonomy":"category","embeddable":true,"href":"http:\/\/www.semlh-morbihan.fr\/wordpress\/wp-json\/wp\/v2\/categories?post=3083"},{"taxonomy":"post_tag","embeddable":true,"href":"http:\/\/www.semlh-morbihan.fr\/wordpress\/wp-json\/wp\/v2\/tags?post=3083"}],"curies":[{"name":"wp","href":"https:\/\/api.w.org\/{rel}","templated":true}]}}