{"id":3093,"date":"2018-03-27T15:00:19","date_gmt":"2018-03-27T13:00:19","guid":{"rendered":"http:\/\/www.semlh-morbihan.fr\/wordpress\/2018\/03\/27\/seance-du-mardi-20-fevrier-2018-la-france-dans-le-monde-le-cadre-institutionnel-de-la-france-les-collectivites-territoriales\/"},"modified":"2020-07-13T16:40:59","modified_gmt":"2020-07-13T14:40:59","slug":"seance-du-mardi-20-fevrier-2018-la-france-dans-le-monde-le-cadre-institutionnel-de-la-france-les-collectivites-territoriales","status":"publish","type":"post","link":"http:\/\/www.semlh-morbihan.fr\/wordpress\/2018\/03\/27\/seance-du-mardi-20-fevrier-2018-la-france-dans-le-monde-le-cadre-institutionnel-de-la-france-les-collectivites-territoriales\/","title":{"rendered":"2018 &#8211; 20 f\u00e9vrier &#8211; Futurs naturalis\u00e9s &#8211; La France dans le monde, le cadre institutionnel de la France, les collectivit\u00e9s territoriales"},"content":{"rendered":"Vous devez \u00eatre connect\u00e9 pour voir ce contenu.","protected":false},"excerpt":{"rendered":"Vous devez \u00eatre connect\u00e9 pour voir ce contenu.","protected":false},"author":329,"featured_media":0,"comment_status":"closed","ping_status":"open","sticky":false,"template":"","format":"standard","meta":{"footnotes":""},"categories":[478],"tags":[],"class_list":["post-3093","post","type-post","status-publish","format-standard","hentry","category-2018-la-cinquieme-session-dinformation-pour-les-candidats-a-la-naturalisaion","wpcat-478-id"],"_links":{"self":[{"href":"http:\/\/www.semlh-morbihan.fr\/wordpress\/wp-json\/wp\/v2\/posts\/3093","targetHints":{"allow":["GET"]}}],"collection":[{"href":"http:\/\/www.semlh-morbihan.fr\/wordpress\/wp-json\/wp\/v2\/posts"}],"about":[{"href":"http:\/\/www.semlh-morbihan.fr\/wordpress\/wp-json\/wp\/v2\/types\/post"}],"author":[{"embeddable":true,"href":"http:\/\/www.semlh-morbihan.fr\/wordpress\/wp-json\/wp\/v2\/users\/329"}],"replies":[{"embeddable":true,"href":"http:\/\/www.semlh-morbihan.fr\/wordpress\/wp-json\/wp\/v2\/comments?post=3093"}],"version-history":[{"count":0,"href":"http:\/\/www.semlh-morbihan.fr\/wordpress\/wp-json\/wp\/v2\/posts\/3093\/revisions"}],"wp:attachment":[{"href":"http:\/\/www.semlh-morbihan.fr\/wordpress\/wp-json\/wp\/v2\/media?parent=3093"}],"wp:term":[{"taxonomy":"category","embeddable":true,"href":"http:\/\/www.semlh-morbihan.fr\/wordpress\/wp-json\/wp\/v2\/categories?post=3093"},{"taxonomy":"post_tag","embeddable":true,"href":"http:\/\/www.semlh-morbihan.fr\/wordpress\/wp-json\/wp\/v2\/tags?post=3093"}],"curies":[{"name":"wp","href":"https:\/\/api.w.org\/{rel}","templated":true}]}}