{"id":3098,"date":"2018-03-31T19:37:52","date_gmt":"2018-03-31T17:37:52","guid":{"rendered":"http:\/\/www.semlh-morbihan.fr\/wordpress\/2018\/03\/31\/prise-darmes-a-la-caserne-guilaudot-en-lhonneur-du-colonel-arnaud-beltrame-mort-en-service-et-des-trois-autres-victimes-de-laude\/"},"modified":"2018-03-31T19:37:52","modified_gmt":"2018-03-31T17:37:52","slug":"prise-darmes-a-la-caserne-guilaudot-en-lhonneur-du-colonel-arnaud-beltrame-mort-en-service-et-des-trois-autres-victimes-de-laude","status":"publish","type":"post","link":"http:\/\/www.semlh-morbihan.fr\/wordpress\/2018\/03\/31\/prise-darmes-a-la-caserne-guilaudot-en-lhonneur-du-colonel-arnaud-beltrame-mort-en-service-et-des-trois-autres-victimes-de-laude\/","title":{"rendered":"Prise d&rsquo;armes \u00e0 la caserne Guilaudot en l&rsquo;honneur du colonel Arnaud Beltrame, mort en service et des trois autres victimes de l&rsquo;Aude."},"content":{"rendered":"Vous devez \u00eatre connect\u00e9 pour voir ce contenu.","protected":false},"excerpt":{"rendered":"Vous devez \u00eatre connect\u00e9 pour voir ce contenu.","protected":false},"author":329,"featured_media":0,"comment_status":"open","ping_status":"open","sticky":false,"template":"","format":"standard","meta":{"footnotes":""},"categories":[417],"tags":[],"class_list":["post-3098","post","type-post","status-publish","format-standard","hentry","category-ceremonies-patriotiques","wpcat-417-id"],"_links":{"self":[{"href":"http:\/\/www.semlh-morbihan.fr\/wordpress\/wp-json\/wp\/v2\/posts\/3098","targetHints":{"allow":["GET"]}}],"collection":[{"href":"http:\/\/www.semlh-morbihan.fr\/wordpress\/wp-json\/wp\/v2\/posts"}],"about":[{"href":"http:\/\/www.semlh-morbihan.fr\/wordpress\/wp-json\/wp\/v2\/types\/post"}],"author":[{"embeddable":true,"href":"http:\/\/www.semlh-morbihan.fr\/wordpress\/wp-json\/wp\/v2\/users\/329"}],"replies":[{"embeddable":true,"href":"http:\/\/www.semlh-morbihan.fr\/wordpress\/wp-json\/wp\/v2\/comments?post=3098"}],"version-history":[{"count":0,"href":"http:\/\/www.semlh-morbihan.fr\/wordpress\/wp-json\/wp\/v2\/posts\/3098\/revisions"}],"wp:attachment":[{"href":"http:\/\/www.semlh-morbihan.fr\/wordpress\/wp-json\/wp\/v2\/media?parent=3098"}],"wp:term":[{"taxonomy":"category","embeddable":true,"href":"http:\/\/www.semlh-morbihan.fr\/wordpress\/wp-json\/wp\/v2\/categories?post=3098"},{"taxonomy":"post_tag","embeddable":true,"href":"http:\/\/www.semlh-morbihan.fr\/wordpress\/wp-json\/wp\/v2\/tags?post=3098"}],"curies":[{"name":"wp","href":"https:\/\/api.w.org\/{rel}","templated":true}]}}