{"id":3129,"date":"2018-05-01T12:08:17","date_gmt":"2018-05-01T10:08:17","guid":{"rendered":"http:\/\/www.semlh-morbihan.fr\/wordpress\/2018\/05\/01\/seance-du-mardi-17-avril-la-justice-laicite-et-religion\/"},"modified":"2020-07-13T16:40:18","modified_gmt":"2020-07-13T14:40:18","slug":"seance-du-mardi-17-avril-la-justice-laicite-et-religion","status":"publish","type":"post","link":"http:\/\/www.semlh-morbihan.fr\/wordpress\/2018\/05\/01\/seance-du-mardi-17-avril-la-justice-laicite-et-religion\/","title":{"rendered":"2018 &#8211; 17 avril &#8211; &#8211; Futurs naturalis\u00e9s -la Justice &#8211; La\u00efcit\u00e9 et religion"},"content":{"rendered":"Vous devez \u00eatre connect\u00e9 pour voir ce contenu.","protected":false},"excerpt":{"rendered":"Vous devez \u00eatre connect\u00e9 pour voir ce contenu.","protected":false},"author":329,"featured_media":0,"comment_status":"open","ping_status":"open","sticky":false,"template":"","format":"standard","meta":{"footnotes":""},"categories":[478],"tags":[],"class_list":["post-3129","post","type-post","status-publish","format-standard","hentry","category-2018-la-cinquieme-session-dinformation-pour-les-candidats-a-la-naturalisaion","wpcat-478-id"],"_links":{"self":[{"href":"http:\/\/www.semlh-morbihan.fr\/wordpress\/wp-json\/wp\/v2\/posts\/3129","targetHints":{"allow":["GET"]}}],"collection":[{"href":"http:\/\/www.semlh-morbihan.fr\/wordpress\/wp-json\/wp\/v2\/posts"}],"about":[{"href":"http:\/\/www.semlh-morbihan.fr\/wordpress\/wp-json\/wp\/v2\/types\/post"}],"author":[{"embeddable":true,"href":"http:\/\/www.semlh-morbihan.fr\/wordpress\/wp-json\/wp\/v2\/users\/329"}],"replies":[{"embeddable":true,"href":"http:\/\/www.semlh-morbihan.fr\/wordpress\/wp-json\/wp\/v2\/comments?post=3129"}],"version-history":[{"count":0,"href":"http:\/\/www.semlh-morbihan.fr\/wordpress\/wp-json\/wp\/v2\/posts\/3129\/revisions"}],"wp:attachment":[{"href":"http:\/\/www.semlh-morbihan.fr\/wordpress\/wp-json\/wp\/v2\/media?parent=3129"}],"wp:term":[{"taxonomy":"category","embeddable":true,"href":"http:\/\/www.semlh-morbihan.fr\/wordpress\/wp-json\/wp\/v2\/categories?post=3129"},{"taxonomy":"post_tag","embeddable":true,"href":"http:\/\/www.semlh-morbihan.fr\/wordpress\/wp-json\/wp\/v2\/tags?post=3129"}],"curies":[{"name":"wp","href":"https:\/\/api.w.org\/{rel}","templated":true}]}}