{"id":3132,"date":"2018-05-02T12:00:41","date_gmt":"2018-05-02T10:00:41","guid":{"rendered":"http:\/\/www.semlh-morbihan.fr\/wordpress\/2018\/05\/02\/deces-de-leonard-le-corronc-officier-le-08-avril-2018-a-pontivy\/"},"modified":"2018-05-02T12:00:41","modified_gmt":"2018-05-02T10:00:41","slug":"deces-de-leonard-le-corronc-officier-le-08-avril-2018-a-pontivy","status":"publish","type":"post","link":"http:\/\/www.semlh-morbihan.fr\/wordpress\/2018\/05\/02\/deces-de-leonard-le-corronc-officier-le-08-avril-2018-a-pontivy\/","title":{"rendered":"DECES DE LEONARD LE CORRONC OFFICIER le 08 Avril 2018 \u00e0 Pontivy"},"content":{"rendered":"Vous devez \u00eatre connect\u00e9 pour voir ce contenu.","protected":false},"excerpt":{"rendered":"Vous devez \u00eatre connect\u00e9 pour voir ce contenu.","protected":false},"author":332,"featured_media":0,"comment_status":"open","ping_status":"open","sticky":false,"template":"","format":"standard","meta":{"footnotes":""},"categories":[402],"tags":[],"class_list":["post-3132","post","type-post","status-publish","format-standard","hentry","category-les-deces","wpcat-402-id"],"_links":{"self":[{"href":"http:\/\/www.semlh-morbihan.fr\/wordpress\/wp-json\/wp\/v2\/posts\/3132","targetHints":{"allow":["GET"]}}],"collection":[{"href":"http:\/\/www.semlh-morbihan.fr\/wordpress\/wp-json\/wp\/v2\/posts"}],"about":[{"href":"http:\/\/www.semlh-morbihan.fr\/wordpress\/wp-json\/wp\/v2\/types\/post"}],"author":[{"embeddable":true,"href":"http:\/\/www.semlh-morbihan.fr\/wordpress\/wp-json\/wp\/v2\/users\/332"}],"replies":[{"embeddable":true,"href":"http:\/\/www.semlh-morbihan.fr\/wordpress\/wp-json\/wp\/v2\/comments?post=3132"}],"version-history":[{"count":0,"href":"http:\/\/www.semlh-morbihan.fr\/wordpress\/wp-json\/wp\/v2\/posts\/3132\/revisions"}],"wp:attachment":[{"href":"http:\/\/www.semlh-morbihan.fr\/wordpress\/wp-json\/wp\/v2\/media?parent=3132"}],"wp:term":[{"taxonomy":"category","embeddable":true,"href":"http:\/\/www.semlh-morbihan.fr\/wordpress\/wp-json\/wp\/v2\/categories?post=3132"},{"taxonomy":"post_tag","embeddable":true,"href":"http:\/\/www.semlh-morbihan.fr\/wordpress\/wp-json\/wp\/v2\/tags?post=3132"}],"curies":[{"name":"wp","href":"https:\/\/api.w.org\/{rel}","templated":true}]}}