{"id":3211,"date":"2018-09-27T17:00:41","date_gmt":"2018-09-27T15:00:41","guid":{"rendered":"http:\/\/www.semlh-morbihan.fr\/wordpress\/2018\/09\/27\/remise-la-legion-dhonneur-a-monsieur-roger-maheo-le-7-septembre-2018\/"},"modified":"2018-09-27T17:00:41","modified_gmt":"2018-09-27T15:00:41","slug":"remise-la-legion-dhonneur-a-monsieur-roger-maheo-le-7-septembre-2018","status":"publish","type":"post","link":"http:\/\/www.semlh-morbihan.fr\/wordpress\/2018\/09\/27\/remise-la-legion-dhonneur-a-monsieur-roger-maheo-le-7-septembre-2018\/","title":{"rendered":"Remise la l\u00e9gion d&rsquo;honneur \u00e0 monsieur Roger Mah\u00e9o le 7 septembre 2018"},"content":{"rendered":"Vous devez \u00eatre connect\u00e9 pour voir ce contenu.","protected":false},"excerpt":{"rendered":"Vous devez \u00eatre connect\u00e9 pour voir ce contenu.","protected":false},"author":329,"featured_media":0,"comment_status":"closed","ping_status":"open","sticky":false,"template":"","format":"standard","meta":{"footnotes":""},"categories":[350],"tags":[],"class_list":["post-3211","post","type-post","status-publish","format-standard","hentry","category-actualites-comite-du-pays-de-vannes","wpcat-350-id"],"_links":{"self":[{"href":"http:\/\/www.semlh-morbihan.fr\/wordpress\/wp-json\/wp\/v2\/posts\/3211","targetHints":{"allow":["GET"]}}],"collection":[{"href":"http:\/\/www.semlh-morbihan.fr\/wordpress\/wp-json\/wp\/v2\/posts"}],"about":[{"href":"http:\/\/www.semlh-morbihan.fr\/wordpress\/wp-json\/wp\/v2\/types\/post"}],"author":[{"embeddable":true,"href":"http:\/\/www.semlh-morbihan.fr\/wordpress\/wp-json\/wp\/v2\/users\/329"}],"replies":[{"embeddable":true,"href":"http:\/\/www.semlh-morbihan.fr\/wordpress\/wp-json\/wp\/v2\/comments?post=3211"}],"version-history":[{"count":0,"href":"http:\/\/www.semlh-morbihan.fr\/wordpress\/wp-json\/wp\/v2\/posts\/3211\/revisions"}],"wp:attachment":[{"href":"http:\/\/www.semlh-morbihan.fr\/wordpress\/wp-json\/wp\/v2\/media?parent=3211"}],"wp:term":[{"taxonomy":"category","embeddable":true,"href":"http:\/\/www.semlh-morbihan.fr\/wordpress\/wp-json\/wp\/v2\/categories?post=3211"},{"taxonomy":"post_tag","embeddable":true,"href":"http:\/\/www.semlh-morbihan.fr\/wordpress\/wp-json\/wp\/v2\/tags?post=3211"}],"curies":[{"name":"wp","href":"https:\/\/api.w.org\/{rel}","templated":true}]}}