{"id":3349,"date":"2019-02-16T18:33:25","date_gmt":"2019-02-16T17:33:25","guid":{"rendered":"http:\/\/www.semlh-morbihan.fr\/wordpress\/2019\/02\/16\/mardi-12-fevrier-2019-remise-de-decrets-de-naturalisation-a-la-prefecture-de-vannes\/"},"modified":"2019-02-16T18:33:25","modified_gmt":"2019-02-16T17:33:25","slug":"mardi-12-fevrier-2019-remise-de-decrets-de-naturalisation-a-la-prefecture-de-vannes","status":"publish","type":"post","link":"http:\/\/www.semlh-morbihan.fr\/wordpress\/2019\/02\/16\/mardi-12-fevrier-2019-remise-de-decrets-de-naturalisation-a-la-prefecture-de-vannes\/","title":{"rendered":"mardi 12 f\u00e9vrier 2019 &#8211; Remise de d\u00e9crets de naturalisation \u00e0 la pr\u00e9fecture de Vannes"},"content":{"rendered":"Vous devez \u00eatre connect\u00e9 pour voir ce contenu.","protected":false},"excerpt":{"rendered":"Vous devez \u00eatre connect\u00e9 pour voir ce contenu.","protected":false},"author":329,"featured_media":0,"comment_status":"open","ping_status":"open","sticky":false,"template":"","format":"standard","meta":{"footnotes":""},"categories":[384],"tags":[],"class_list":["post-3349","post","type-post","status-publish","format-standard","hentry","category-actualites-la-section","wpcat-384-id"],"_links":{"self":[{"href":"http:\/\/www.semlh-morbihan.fr\/wordpress\/wp-json\/wp\/v2\/posts\/3349","targetHints":{"allow":["GET"]}}],"collection":[{"href":"http:\/\/www.semlh-morbihan.fr\/wordpress\/wp-json\/wp\/v2\/posts"}],"about":[{"href":"http:\/\/www.semlh-morbihan.fr\/wordpress\/wp-json\/wp\/v2\/types\/post"}],"author":[{"embeddable":true,"href":"http:\/\/www.semlh-morbihan.fr\/wordpress\/wp-json\/wp\/v2\/users\/329"}],"replies":[{"embeddable":true,"href":"http:\/\/www.semlh-morbihan.fr\/wordpress\/wp-json\/wp\/v2\/comments?post=3349"}],"version-history":[{"count":0,"href":"http:\/\/www.semlh-morbihan.fr\/wordpress\/wp-json\/wp\/v2\/posts\/3349\/revisions"}],"wp:attachment":[{"href":"http:\/\/www.semlh-morbihan.fr\/wordpress\/wp-json\/wp\/v2\/media?parent=3349"}],"wp:term":[{"taxonomy":"category","embeddable":true,"href":"http:\/\/www.semlh-morbihan.fr\/wordpress\/wp-json\/wp\/v2\/categories?post=3349"},{"taxonomy":"post_tag","embeddable":true,"href":"http:\/\/www.semlh-morbihan.fr\/wordpress\/wp-json\/wp\/v2\/tags?post=3349"}],"curies":[{"name":"wp","href":"https:\/\/api.w.org\/{rel}","templated":true}]}}