{"id":3373,"date":"2019-03-14T18:17:37","date_gmt":"2019-03-14T17:17:37","guid":{"rendered":"http:\/\/www.semlh-morbihan.fr\/wordpress\/2019\/03\/14\/10-03-2019-yan-jandot-maire-de-langoelan-chevalier-de-la-legion-dhonneur\/"},"modified":"2019-03-14T18:17:37","modified_gmt":"2019-03-14T17:17:37","slug":"10-03-2019-yan-jandot-maire-de-langoelan-chevalier-de-la-legion-dhonneur","status":"publish","type":"post","link":"http:\/\/www.semlh-morbihan.fr\/wordpress\/2019\/03\/14\/10-03-2019-yan-jandot-maire-de-langoelan-chevalier-de-la-legion-dhonneur\/","title":{"rendered":"10\/03\/2019 &#8211; Yan Jandot, maire de Lango\u00eblan, chevalier de la l\u00e9gion d&rsquo;honneur"},"content":{"rendered":"Vous devez \u00eatre connect\u00e9 pour voir ce contenu.","protected":false},"excerpt":{"rendered":"Vous devez \u00eatre connect\u00e9 pour voir ce contenu.","protected":false},"author":329,"featured_media":0,"comment_status":"closed","ping_status":"open","sticky":false,"template":"","format":"standard","meta":{"footnotes":""},"categories":[361],"tags":[],"class_list":["post-3373","post","type-post","status-publish","format-standard","hentry","category-actualites-comite-du-pays-de-pontivy","wpcat-361-id"],"_links":{"self":[{"href":"http:\/\/www.semlh-morbihan.fr\/wordpress\/wp-json\/wp\/v2\/posts\/3373","targetHints":{"allow":["GET"]}}],"collection":[{"href":"http:\/\/www.semlh-morbihan.fr\/wordpress\/wp-json\/wp\/v2\/posts"}],"about":[{"href":"http:\/\/www.semlh-morbihan.fr\/wordpress\/wp-json\/wp\/v2\/types\/post"}],"author":[{"embeddable":true,"href":"http:\/\/www.semlh-morbihan.fr\/wordpress\/wp-json\/wp\/v2\/users\/329"}],"replies":[{"embeddable":true,"href":"http:\/\/www.semlh-morbihan.fr\/wordpress\/wp-json\/wp\/v2\/comments?post=3373"}],"version-history":[{"count":0,"href":"http:\/\/www.semlh-morbihan.fr\/wordpress\/wp-json\/wp\/v2\/posts\/3373\/revisions"}],"wp:attachment":[{"href":"http:\/\/www.semlh-morbihan.fr\/wordpress\/wp-json\/wp\/v2\/media?parent=3373"}],"wp:term":[{"taxonomy":"category","embeddable":true,"href":"http:\/\/www.semlh-morbihan.fr\/wordpress\/wp-json\/wp\/v2\/categories?post=3373"},{"taxonomy":"post_tag","embeddable":true,"href":"http:\/\/www.semlh-morbihan.fr\/wordpress\/wp-json\/wp\/v2\/tags?post=3373"}],"curies":[{"name":"wp","href":"https:\/\/api.w.org\/{rel}","templated":true}]}}