{"id":3376,"date":"2019-03-14T19:20:07","date_gmt":"2019-03-14T18:20:07","guid":{"rendered":"http:\/\/www.semlh-morbihan.fr\/wordpress\/2019\/03\/14\/planning-des-ceremonies-memorielles-du-departement\/"},"modified":"2019-03-14T19:20:07","modified_gmt":"2019-03-14T18:20:07","slug":"planning-des-ceremonies-memorielles-du-departement","status":"publish","type":"post","link":"http:\/\/www.semlh-morbihan.fr\/wordpress\/2019\/03\/14\/planning-des-ceremonies-memorielles-du-departement\/","title":{"rendered":"Planning des c\u00e9r\u00e9monies m\u00e9morielles du d\u00e9partement"},"content":{"rendered":"Vous devez \u00eatre connect\u00e9 pour voir ce contenu.","protected":false},"excerpt":{"rendered":"Vous devez \u00eatre connect\u00e9 pour voir ce contenu.","protected":false},"author":329,"featured_media":0,"comment_status":"closed","ping_status":"open","sticky":false,"template":"","format":"standard","meta":{"footnotes":""},"categories":[417],"tags":[],"class_list":["post-3376","post","type-post","status-publish","format-standard","hentry","category-ceremonies-patriotiques","wpcat-417-id"],"_links":{"self":[{"href":"http:\/\/www.semlh-morbihan.fr\/wordpress\/wp-json\/wp\/v2\/posts\/3376","targetHints":{"allow":["GET"]}}],"collection":[{"href":"http:\/\/www.semlh-morbihan.fr\/wordpress\/wp-json\/wp\/v2\/posts"}],"about":[{"href":"http:\/\/www.semlh-morbihan.fr\/wordpress\/wp-json\/wp\/v2\/types\/post"}],"author":[{"embeddable":true,"href":"http:\/\/www.semlh-morbihan.fr\/wordpress\/wp-json\/wp\/v2\/users\/329"}],"replies":[{"embeddable":true,"href":"http:\/\/www.semlh-morbihan.fr\/wordpress\/wp-json\/wp\/v2\/comments?post=3376"}],"version-history":[{"count":0,"href":"http:\/\/www.semlh-morbihan.fr\/wordpress\/wp-json\/wp\/v2\/posts\/3376\/revisions"}],"wp:attachment":[{"href":"http:\/\/www.semlh-morbihan.fr\/wordpress\/wp-json\/wp\/v2\/media?parent=3376"}],"wp:term":[{"taxonomy":"category","embeddable":true,"href":"http:\/\/www.semlh-morbihan.fr\/wordpress\/wp-json\/wp\/v2\/categories?post=3376"},{"taxonomy":"post_tag","embeddable":true,"href":"http:\/\/www.semlh-morbihan.fr\/wordpress\/wp-json\/wp\/v2\/tags?post=3376"}],"curies":[{"name":"wp","href":"https:\/\/api.w.org\/{rel}","templated":true}]}}